{"id":15264,"date":"2018-06-22T10:34:45","date_gmt":"2018-06-22T07:34:45","guid":{"rendered":"http:\/\/vkpatriarhat.org\/hu\/?p=15264"},"modified":"2021-08-24T01:43:19","modified_gmt":"2021-08-23T22:43:19","slug":"lengyel-puspokok-tartsatok-bunbanatot","status":"publish","type":"post","link":"https:\/\/vkpatriarhat.org\/hu\/lengyel-puspokok-tartsatok-bunbanatot\/","title":{"rendered":"Lengyel p\u00fcsp\u00f6k\u00f6k, tartsatok b\u0171nb\u00e1natot! (in Hungarian)"},"content":{"rendered":"<h5><em><strong><a href=\"http:\/\/vkpatriarhat.org\/hu\/wp-content\/uploads\/2018\/06\/Biskupove-Polska-cinte-pokani.jpg\"><img loading=\"lazy\" class=\"alignleft size-medium wp-image-15231\" src=\"http:\/\/vkpatriarhat.org\/hu\/wp-content\/uploads\/2018\/06\/Biskupove-Polska-cinte-pokani-222x300.jpg\" alt=\"\" width=\"222\" height=\"300\" srcset=\"https:\/\/vkpatriarhat.org\/hu\/wp-content\/uploads\/2018\/06\/Biskupove-Polska-cinte-pokani-222x300.jpg 222w, https:\/\/vkpatriarhat.org\/hu\/wp-content\/uploads\/2018\/06\/Biskupove-Polska-cinte-pokani.jpg 348w\" sizes=\"(max-width: 222px) 100vw, 222px\" \/><\/a>12. 6. 2018<\/strong><\/em><\/h5>\n<p style=\"text-align: justify;\">Tisztelt lengyel p\u00fcsp\u00f6k\u00f6k,<\/p>\n<p style=\"text-align: justify;\">hissz\u00fck, hogy tudat\u00e1ban vagytok Isten el\u0151tt a felel\u0151ss\u00e9gnek, \u00e9s a jelenlegi helyzet rendk\u00edv\u00fcli s\u00falyoss\u00e1g\u00e1nak.<\/p>\n<p style=\"text-align: justify;\">R\u00f6viden: <strong>a lengyel nemzet megment\u00e9s\u00e9nek eggyetlen \u00fatja van, \u00e9s az a b\u0171nb\u00e1nat.<\/strong> Kezdjetek b\u0171nb\u00e1nattal, de nektek musz\u00e1j kezdeni azt.<\/p>\n<p style=\"text-align: justify;\">Lengyelorsz\u00e1g felett az id\u00e9n Damokl\u00e9sz kardja f\u00fcgg, az iszl\u00e1miz\u00e1ci\u00f3 \u00e9s a nemek szerinti demoraliz\u00e1ci\u00f3, amit az EU dikt\u00e1l.<\/p>\n<p style=\"text-align: justify;\">Mit tett Glemp lengyel pr\u00edm\u00e1sz \u00e9s a lengyel p\u00fcsp\u00f6k\u00f6k, amikor arr\u00f3l kellet d\u00f6nteni, hogy Lengyelorsz\u00e1g csatlakozik-e az EU-hoz? A p\u00fcsp\u00f6k\u00f6k aggodalmaskodtak, \u00e9s \u00edg\u00e9rt\u00e9k, hogy Lengyelorsz\u00e1g a kereszt\u00e9nys\u00e9get az eg\u00e9sz Eur\u00f3pa fel\u00e9 hozza. \u00c9s az eredm\u00e9ny? Vars\u00f3ban a homoszexu\u00e1lisok tizennyolcadik tal\u00e1lkoz\u00f3j\u00e1ra ker\u00fclt sor. Azt k\u00e9rdezz\u00fck, ki hozott, kit Eur\u00f3pa fel\u00e9?<!--more--><\/p>\n<p style=\"text-align: justify;\">Ferenc ma megcs\u00f3kolja a transzszexu\u00e1lis l\u00e1b\u00e1t, \u00edgy tagadja meg Isten parancsolatait \u00e9s el\u0151re helyezi a b\u0171n kiv\u00e1lts\u00e1gait.<\/p>\n<p style=\"text-align: justify;\">A V4-es orsz\u00e1gok most akarnak menek\u00fclni az \u00f6ngyilkos EU-b\u00f3l. El kell ismerni, hogy a lengyel katolikusok az iszl\u00e1m ellen r\u00f3zsaf\u00fczz\u00e9rrel a kez\u00fckben a hat\u00e1rokn\u00e1l hatalmas akci\u00f3t hozztak l\u00e9tre. \u0150k igazi k\u00f6vet\u0151i a lengyel kir\u00e1lynak, J\u00e1n Sobieskinak, aki megmentette a kereszt\u00e9nys\u00e9get \u00e9s Eur\u00f3p\u00e1t az iszlamiz\u00e1ci\u00f3t\u00f3l. De mit cselekedik a mai lengyel Pr\u00edm\u00e1sz? Exkomunik\u00e1ci\u00f3val fenyeget minden papot, aki a kereszt\u00e9nys\u00e9get \u00e9s a lengyel nemzetet megmenteni szeretn\u00e9 az iszlamiz\u00e1ci\u00f3t\u00f3l. Ez a hozz\u00e1\u00e1ll\u00e1s minos\u00edthet\u0151 <u>haza\u00e1rul\u00e1s \u00e9s Krisztus tagad\u00e1sa<\/u>. Ti lengyel p\u00fcsp\u00f6kok, t\u00e1mogatj\u00e1tok Ferenc iszlamiz\u00e1ci\u00f3s politik\u00e1j\u00e1t. L\u00e9nyeg\u00e9ben a transznacion\u00e1lis \u00e9rdekeket s\u00fcrgetitek, \u00e9s ennek eredm\u00e9nyek\u00e9ppen a lengyel nemzet \u00e9s a kereszt\u00e9nys\u00e9g elpuszt\u00edt\u00e1s\u00e1nak NWO \u00fcgyn\u00f6keiv\u00e9 v\u00e1ltatok. A lengyel korm\u00e1ny ellen \u00e1ltok, amely v\u00e9di az iszlamiz\u00e1ci\u00f3t\u00f3l a nemzetet.<\/p>\n<p style=\"text-align: justify;\">Krisztus p\u00e1sztor\u00e1nak els\u0151dleges k\u00f6teless\u00e9ge, hogy megv\u00e9dje a csord\u00e1j\u00e1t az iszlamiz\u00e1ci\u00f3t\u00f3l. Az iszlamiz\u00e1ci\u00f3nak a her\u00e9zisek nyitottak ajt\u00f3t. (Honorius p\u00e1pa hallgatott a monothelitizmus eretneks\u00e9gr\u0151l, \u00e9s hal\u00e1la ut\u00e1n kiz\u00e1rt\u00e1k az egyh\u00e1zb\u00f3l &#8211; exkomunik\u00e1lt\u00e1k). Minden lengyel teol\u00f3giai iskol\u00e1ban tan\u00edtj\u00e1k a neomodernizmus eretneks\u00e9get. Mit csin\u00e1ltok ez allen ti lengyel p\u00fcsp\u00f6k\u00f6k a pr\u00edm\u00e1szsal az \u00e9len? Nem tudj\u00e1tok, hogy sok ilyen eretneks\u00e9get m\u00e1r el\u00edt\u00e9lt szent X. Pius p\u00e1pa? A mai eretneks\u00e9gek elpuszt\u00edtj\u00e1k a hit l\u00e9nyeg\u00e9t. Megk\u00e9rd\u0151jelezik a mi Urunk \u00e9s Megv\u00e1lt\u00f3nk istens\u00e9g\u00e9t, az \u0151 val\u00f3di \u00e9s t\u00f6rt\u00e9nelmi felt\u00e1mad\u00e1s\u00e1t. A n\u00e9met p\u00fcsp\u00f6ki konferencia kor\u00e1bbi eln\u00f6ke, Zollitsch kijelentette, hogy Krisztus nem halt meg b\u0171neink\u00e9rt, hanem csak a szenved\u0151k ir\u00e1nti szolidarit\u00e1sb\u00f3l. Ez maxim\u00e1lis eretneks\u00e9g. A Szent\u00edr\u00e1s isteni ihlet\u00e9s\u00e9t is megtagadt\u00e1k. Ezzel lerombolj\u00e1k az \u00fcdv\u00f6ss\u00e9g\u00fcnk val\u00f3di alapjait. Amelyik pap vagy teol\u00f3gus elfogadja ezeket az eretneks\u00e9geket, \u00e9s amely p\u00fcsp\u00f6k hallgat ezekr\u00f6l, mag\u00e1ra vonja a latae sententiae exkomunik\u00e1ci\u00f3t. B\u0171nb\u00e1nat n\u00e9lk\u00fcl, hal\u00e1la eset\u00e9n a pokolra jut.<\/p>\n<p style=\"text-align: justify;\">A lengyel p\u00fcsp\u00f6ks\u00e9g hallgat ezekr\u0151l az eretneks\u00e9gekr\u0151l. Att\u00f3l f\u00e9lnek, hogy eretnek teol\u00f3gusaik kinevetik, \u00e9s a lengyel teol\u00f3gia nem lesz olyan szinten mint a n\u00e9met heretikus teol\u00f3gia. De l\u00e1thatjuk a n\u00e9met eretneks\u00e9g gy\u00fcm\u00f6lcseit. Marx b\u00edboros homoszexu\u00e1lis h\u00e1zass\u00e1gokr\u00f3l besz\u00e9l \u00e9s p\u00fcsp\u00f6k\u00f6k t\u00e1mogatj\u00e1k a n\u00e9met iszlamizmust. Mindazon\u00e1ltal az emberi b\u00fcszkes\u00e9g \u00e9s a vaks\u00e1g reszket az \u00fagynevezet magas teol\u00f3gia tudom\u00e1nyok elismer\u00e9s\u00e9\u00e9rt, <u>de a megv\u00e1lt\u00e1s vagy az \u00f6r\u00f6k elutas\u00edt\u00e1s nem \u00e9rdekli \u0151ket<\/u>!<\/p>\n<p style=\"text-align: justify;\">Hogy l\u00e9tezik, hogy ti lengyel p\u00fcsp\u00f6k\u00f6k nem l\u00e9ptetek fel Ferenc heretikus exort\u00e1ci\u00f3ja, az Amoris laetitia ellen? Igaz hogy kiemelt\u00e9tek a szents\u00e9gekr\u00f3l sz\u00f3l\u00f3 katolikus tan\u00edt\u00e1s\u00e1nak alapjait, de nem mutattatok r\u00e1 a l\u00e9nyegre az eretneks\u00e9gre \u00e9s a hitehagy\u00e1sra az Egyh\u00e1zon bel\u00fcl. A n\u00e9gy b\u00edboros, a tisztas\u00e1gra t\u00f6rekedve, megtette az els\u0151 l\u00e9p\u00e9st. \u00d6n\u00f6knek, mint lengyel p\u00fcsp\u00f6k\u00f6knek, meg kellett volna tenni a m\u00e1sodik l\u00e9p\u00e9st. Fel kellett volna sz\u00f3l\u00edtani Ferencet Mt 18,15 szerint, hogy lemondjon a eretneks\u00e9gr\u0151l. A harmadik figyelmeztet\u00e9s ut\u00e1n <strong>nyilv\u00e1nosan ki kellett volna z\u00e1rni mint hitehagy\u00f3t.<\/strong> Ez az evang\u00e9lium hozz\u00e1\u00e1ll\u00e1sa. Nem tett\u00e9tek ezt. Nem volt f\u00e9ny \u00e9s er\u0151. Mi\u00e9rt? Mert az alapvet\u0151 k\u00e9rd\u00e9sekben nem v\u00e9geztek b\u0171nb\u00e1natot. Kezdjetek igazi b\u0171nb\u00e1nattal, majd megteszitek ezt a l\u00e9p\u00e9st is nemcsak Lengyelorsz\u00e1g hanem az eg\u00e9sz egyh\u00e1z megment\u00e9s\u00e9\u00e9rt. <u>Isten ezt akarja t\u0151letek!<\/u><\/p>\n<p style=\"text-align: justify;\">Milyen b\u0171nb\u00e1nattal kell kezdeni?<\/p>\n<p style=\"text-align: justify;\">Lengyel heretikus prof. Kobylinsky Vars\u00f3b\u00f3l katolikus papk\u00e9nt a telev\u00edzi\u00f3ban homoszexualit\u00e1st \u00e9s k\u00fcl\u00f6nb\u00f6z\u0151 eretneks\u00e9geket hirdet. Ti, p\u00fcsp\u00f6k\u00f6k, pedig hallgattok. \u00c9s ez a ti oldalotokr\u00f3l vaks\u00e1g \u00e9s \u00e1rul\u00e1s . Olyanok mint p\u00e9ld\u00e1ul Kobylinsky, sokan vannak Lengyelorsz\u00e1gban, <u>de az \u0151 hib\u00e1ik\u00e9rt a zsinatut\u00e1ni teol\u00f3gia a v\u00e9tkes. \u0150 hozta az eretneks\u00e9g szellem\u00e9t \u00e9s elt\u00e1vol\u00edtotta az igaz tan\u00edt\u00e1st.<\/u> Sokakat megt\u00e9vesztettek a szemin\u00e1riumban. Hogy azok, akik elfogadt\u00e1k az eretnek tan\u00edt\u00e1st es\u00e9lyt kapjanak lemondani r\u00f3la,fel kell sz\u00f3l\u00edtani Kobylinsky-t nyilv\u00e1nos b\u0171nb\u00e1nat tart\u00e1sra . Ha megtagadja, nyilv\u00e1nosan kell megb\u00fcntetni ,precedensk\u00e9nt az eretnek pestis meg\u00e1ll\u00edt\u00e1s\u00e1ra.<\/p>\n<p style=\"text-align: justify;\">De Kobylinsky utal Ferencre \u00e9s az \u0151 <em>\u201ehit\u00fcnk alapjainak dinamikus megk\u00f6zel\u00edt\u00e9s\u00e9re\u201c.<\/em> Itt van a probl\u00e9ma gy\u00f6kere, \u00e9s nincs m\u00e1s ki\u00fat. <u>Sz\u00fcks\u00e9ges egy\u00e9rtelm\u0171en megnevezni Ferenc eretneks\u00e9g\u00e9t \u00e9s megmutatni, ki \u0151 val\u00f3j\u00e1ban. K\u00fcl\u00f6nv\u00e1lni kell t\u0151le! Ellenkez\u0151 esetben nincs jogod figyelmeztetni Kobylinsky-t vagy b\u00e1rmilyen m\u00e1s heretikust.<\/u> An\u00e9lk\u00fcl nem lehet a kereszt\u00e9nys\u00e9g \u00e9s a lengyel nemzet megment\u00e9s\u00e9t el\u00e9rni.<\/p>\n<p style=\"text-align: justify;\">Az eretnek p\u00e1p\u00e1t\u00f3l val\u00f3 elszakad\u00e1ssal a lengyel egyh\u00e1z a <strong>sede vacante<\/strong> \u00e1llapot\u00e1ban marad. <u>Ez az \u00e1lapot lehet\u0151v\u00e9 teszi a megment\u0151 b\u00fcnb\u00e1nattart\u00e1st. A sede vacante \u00e1lapot addig tart, am\u00edg igazhit\u0171 p\u00e1p\u00e1t nem v\u00e1lasztanak.<\/u><\/p>\n<p style=\"text-align: justify;\">De itt egy m\u00e9lyebb probl\u00e9m\u00e1t t\u00e1runk fel, mint Ferencet, \u00e9s ez II. J\u00e1nos P\u00e1l. \u0150 tett eretnek gesztust Assisi-ben 1986-ben .De facto ezzel megv\u00e1ltoztatta a katolikusok gondolkod\u00e1s\u00e1t, amikor a \u201eMiaty\u00e1nkban\u201d egyes\u00fclt a pog\u00e1nyokkal, akik a d\u00e9monokat im\u00e1dj\u00e1k. Nem sz\u00f3l\u00edtotta fel \u0151ket, hogy forduljanak el a d\u00e9mon tisztelett\u0151l. Nem magyar\u00e1zta meg, kit h\u00edvnak a kereszt\u00e9nyek Mennyei Aty\u00e1nak. Amikor im\u00e1dkozott, tudatosan egyes\u00fclt a pog\u00e1nyok n\u00e9zet\u00e9vel. Ha nem hoznak \u00e1ldozatot Istennek, hanem a d\u00e9monnak (1Kor 10,20), akkor az apjuk az \u00f6rd\u00f6g (Jn 08,44). A p\u00e1pa, amely Krisztus egyh\u00e1z\u00e1t k\u00e9pviselte, ezzel az ima gesztusal Assisi-ben ,nyilv\u00e1nosan megvalotta s\u00e1t\u00e1nt ,a pog\u00e1nyok isten\u00e9t a mi aty\u00e1nknak! Ez az istenk\u00e1roml\u00f3 hitehagyott gesztus megnyitotta az ajt\u00f3t a pog\u00e1nys\u00e1g terjed\u00e9s\u00e9nek az Egyh\u00e1zban \u00e9s kereszt\u00e9ny orsz\u00e1gokban! A gy\u00fcmolcse m\u00e1r l\u00e1that\u00f3: erk\u00f6lcstelens\u00e9g, iszlamiz\u00e1ci\u00f3, okkultizmus \u00e9s s\u00e1t\u00e1nizmus. <strong>E hitmegtagad\u00e1s\u00e9rt Assisiben sem Vatik\u00e1n, sem a lengyel Egyh\u00e1z nem tartot b\u0171nb\u00e1natot.<\/strong> \u00c9ppen ellenkez\u0151leg, antib\u00fcnb\u00e1nattart\u00e1sk\u00e9nt boldogg\u00e1, majd szentt\u00e9 avatt\u00e1k II. J\u00e1nos P\u00e1l-t. <u>Ezzel val\u00f3j\u00e1ban \u201cmeg\u00e1ldott\u00e1k\u201d azt a heretikus hozz\u00e1\u00e1ll\u00e1st amely megfert\u0151zi az Egyh\u00e1z alapj\u00e1t, \u00e9s \u00e1tseg\u00edti \u0151t a New Age-be!<\/u> A heretikus tan\u00edtas boldogg\u00e1avat\u00e1s\u00e1val mag\u00e1ravonta az exkomunik\u00e1ci\u00f3t \u2013 \u00e1tkot \/Gal 1,8, 9 szerint.\/ Ez\u00e9rt XVI. Benedek p\u00e1pa boldogg\u00e1avat\u00e1skor mag\u00e1ra \u00e9s az egyh\u00e1zra vonta ezt a b\u00e9lyeget, az exkumunik\u00e1ci\u00f3t, az \u00e1tkot. \u00c9s ez komoly dolog. Ferenc \u00e9ppen csak befejezte ezt a rombol\u00f3 munk\u00e1t. Ez\u00e9rt mindkett\u0151t ki kell k\u00f6z\u00f6s\u00edteni. Ha valaki tagadja ezt a val\u00f3s\u00e1got, akkor nem ismeri a katolikus tan\u00edt\u00e1st, \u00e9s nem rendelkezik ortodox l\u00e9lekkel. De ebben az esetben akkor nincsen igazi megmenek\u00fcl\u00e9s, teh\u00e1t visszat\u00e9r\u00e9s az Egyh\u00e1z eg\u00e9szs\u00e9ges gy\u00f6kereihez.<\/p>\n<p style=\"text-align: justify;\">J\u00e1nos P\u00e1l megh\u00edvta Dalai L\u00e1m\u00e1t Assisi-be \u00e9s nyilv\u00e1nosan \u00f6ssze\u00f6lelkeztek. Ki Dalai L\u00e1ma? \u00d6 mag\u00e1t istennek k\u00e9pzeli \u00e9s \u00edgy im\u00e1dj\u00e1k a tibetiek is. A s\u00f6t\u00e9ts\u00e9g d\u00e9moni erej\u00e9t k\u00e9pviseli. Gesztus\u00e1val, II. J\u00e1nos P\u00e1l. al\u00e1vetette az Isten orsz\u00e1g\u00e1nak kir\u00e1lys\u00e1g\u00e1t a s\u00f6t\u00e9ts\u00e9g kir\u00e1lys\u00e1g\u00e1nak .Ez az aposzt\u00e1zis cs\u00facsa. A gy\u00fcm\u00f6lcs\u00e9t mai napig l\u00e1thassuk. Dalai L\u00e1m\u00e1nak ezzel megny\u00edlt az ajt\u00f3 Lengyelorsz\u00e1gba \u00e9s m\u00e1s kereszt\u00e9ny orsz\u00e1gokba. Glemp b\u00edboros hagyta, hogy a Dalai L\u00e1ma nyak\u00e1ba rakjon egy nagy koszor\u00fat mint az ig\u00e1t. \u00c9pp \u00fagy mint Wa\u0142\u0119sa-nak is. Ez nem egy \u00e1rtatlan gesztus, hamarosan meg\u00e9rkeztek a k\u00f6vetkezm\u00e9nyei &#8230; A Dalai l\u00e1ma h\u00e9tszer megl\u00e1togatta Lengyelorsz\u00e1got. Utols\u00f3 l\u00e1togat\u00e1sakor, ti lengyel p\u00fcsp\u00f6k\u00f6k \u00f6lelkeztetek Dalai L\u00e1maval Sv\u00eddnice \u00e9s Wroclaw-ban 2016-ban. Mit tett Lengyelorsz\u00e1gal Dalai L\u00e1ma? \u00c1ld\u00e1st vagy \u00e1tkot? \u00c1tkot hozzott! Vajon a lengyel Pr\u00edm\u00e1sz v\u00e9gzett b\u0171nb\u00e1natot a rosszindulat\u00fa szinkretizmuss miatt? Nem! Hogyan kaphat Lengyelorsz\u00e1g seg\u00edts\u00e9get Istent\u00f6l b\u0171nb\u00e1nat n\u00e9lk\u00fcl, hogy megmenek\u00fclj\u00f6n az autogenocid el\u0151l?<\/p>\n<p style=\"text-align: justify;\">Dziwisz b\u00edboros bevezette a Krakk\u00f3i egyh\u00e1zmegy\u00e9be az Assisi szellemet. Lengyel egyh\u00e1z tagjainak b\u00e1traknak kell lenni\u00fck, hogy \u0151szint\u00e9n elismerj\u00e9k II.\u00a0J\u00e1nos P\u00e1l gesztus\u00e1t Assisiben eretneks\u00e9gnek, \u00e9s hogy megnyitotta az ajt\u00f3t a szinkretizmusnak \u00e9s a pog\u00e1nys\u00e1gnak.<\/p>\n<p style=\"text-align: justify;\">J\u00e1nos P\u00e1l nem l\u00e9pett fel a neo-modernizmus ellen . S\u0151t, visszavette az exkomunik\u00e1ci\u00f3 b\u00e9lyeg\u00e9t a szabad k\u00f6m\u00fcvesekr\u0151l, \u00e9s takarta a papok pedof\u00edli\u00e1j\u00e1t .Ez egy kem\u00e9ny val\u00f3s\u00e1g! Ezek mind <u>b\u0171ncselekm\u00e9nyek a hit <\/u>\u00e9s az erk\u00f6lcs ellen.<\/p>\n<p style=\"text-align: justify;\">Lengyelorsz\u00e1g Egyh\u00e1z\u00e1nak v\u00e1l\u00e1n van ez a szomor\u00fa II. J\u00e1nos P\u00e1l \u00f6r\u00f6ks\u00e9ge, \u00e9ppen ez\u00e9rt a Lengyel egyh\u00e1zon <u>\u00e1ll bevallani, hogy II. J\u00e1nos P\u00e1l p\u00e1pa kanoniz\u00e1ci\u00f3ja \u00e9rv\u00e9nytelen<\/u>. \u00c9rv\u00e9nytelens\u00e9g\u00e9t bizony\u00edtja az is, hogy a heretikus Ferenc v\u00e9gezte. Milyen l\u00e9p\u00e9seket kell tenni a Lengyel egyh\u00e1znak?<\/p>\n<p style=\"text-align: justify;\">1.) Ell kell a neomodernizmus eretneks\u00e9gekt\u0151l t\u00e1volodni az \u00fan t\u00f6rt\u00e9neti-kritikus m\u00f3dszerekt\u0151l.<\/p>\n<p style=\"text-align: justify;\">2.) Elk\u00fcl\u00f6n\u00fclni a szinkretizmus eretneks\u00e9gt\u0151l, a d\u00e9mont\u00f3l sz\u00e1rmaz\u00f3 hamis tisztelett\u0151l (Nostra aetate) \u00e9s pog\u00e1nys\u00e1gt\u00f3l.<\/p>\n<p style=\"text-align: justify;\">3.) Be kell vallani II. J\u00e1nos P\u00e1l szent\u00e9 avat\u00e1s\u00e1nak \u00e9rv\u00e9nytelens\u00e9g\u00e9t.<\/p>\n<p style=\"text-align: justify;\"><strong>4.) Nyilv\u00e1nosan kijelenteni, hogy Ferenc heretikus \u00e9s aposztata \u00e9s k\u00fcl\u00f6n v\u00e1lni t\u0151le <\/strong><\/p>\n<p style=\"text-align: justify;\">Az \u00e9ven v\u00edvj\u00e1k a pszichol\u00f3giai csata cs\u00facspontj\u00e1t Lengyelorsz\u00e1gban \u00e9s az eg\u00e9sz V4-ben. <strong>Lengyel p\u00fcsp\u00f6k\u00f6k, fel kell sz\u00f3lalni az iszlamiz\u00e1ci\u00f3 ellen \u00e9s v\u00e9dekez\u00e9sre \u00e9breszteni a nemzetet. <\/strong><\/p>\n<p style=\"text-align: justify;\">Ut\u00f3sz\u00f3:<\/p>\n<p style=\"text-align: justify;\">Kedves p\u00fcsp\u00f6k\u00f6k, Teljes m\u00e9rt\u00e9kben tudat\u00e1ban vagyunk a kem\u00e9ny lelki k\u00fczdelemnek a halhatatlan lelkek megv\u00e1lt\u00e1s\u00e1\u00e9rt. Sok \u00e9ven \u00e1t figyelj\u00fck hogyan hat az \u00f6r\u00f6kletes b\u0171n az Egyh\u00e1z \u00e9l\u00e9n \u00e1ll\u00f3 szem\u00e9lyekn\u00e9l. Pr\u00f3f\u00e9t\u00e1k \u00e9s maga J\u00e9zus e szem\u00e9lyek fel\u00e9 nagyon kem\u00e9ny szavakat mondanak. Nem \u00edt\u00e9l\u00fcnk el titeket. K\u00f6nnyezve k\u00e9rt\u00fck Istent,\u00e9s most k\u00e9r\u00fcnk titeket is: Czenstochowai Istenanya tisztelet\u00e9re <strong>hirdess\u00e9tek ki, hogy ebben az \u00e9vben, minden j\u00e1r\u00e1sb\u00f3l zar\u00e1ndokoljon procesi\u00f3 kereszttel a k\u00e9zben a Czestochowai Istenany\u00e1hoz. <\/strong><\/p>\n<p style=\"text-align: justify;\">Ez pr\u00f3f\u00e9cia a lengyel nemzet sz\u00e1m\u00e1ra. <u>Az Istenanya k\u00f6zbenj\u00e1r\u00e1s\u00e1ra megmenti Isten nemcsak Lengyelorsz\u00e1got , de az eg\u00e9sz Egyh\u00e1z \u00fajra\u00e9led.<\/u><\/p>\n<p style=\"text-align: justify;\">B\u0171nb\u00e1n\u00f3 sz\u00edvvel \u00e9s k\u00f6nnyes szemmel gondol im\u00e1val a Lengyel n\u00e9pre<\/p>\n<p>&nbsp;<\/p>\n<p style=\"text-align: center;\">+ Eli\u00e1s<\/p>\n<p style=\"text-align: center;\">A biz\u00e1nci katolikus patriarch\u00e1tus p\u00e1tri\u00e1rk\u00e1ja<\/p>\n<p style=\"text-align: center;\">+ Met\u00f3d OSBMr \u00a0\u00a0\u00a0\u00a0\u00a0\u00a0\u00a0\u00a0\u00a0\u00a0\u00a0\u00a0\u00a0\u00a0+ Timotei OSBMr<\/p>\n<p style=\"text-align: center;\">P\u00fcsp\u00f6k\u00f6k titk\u00e1rok<\/p>\n<p>&nbsp;<\/p>\n<p style=\"text-align: justify;\"><em><strong>Let\u00f6lt\u00e9s:\u00a0<a href=\"http:\/\/vkpatriarhat.org\/hu\/wp-content\/uploads\/2018\/06\/Lengyel-puspokok_tartsatok-bunbanatot.doc\">Lengyel p\u00fcsp\u00f6k\u00f6k, tartsatok b\u0171nb\u00e1natot! (20. 6. 2018)<\/a><\/strong><\/em><\/p>\n<p>&nbsp;<\/p>\n","protected":false},"excerpt":{"rendered":"<p>12. 6. 2018 Tisztelt lengyel p\u00fcsp\u00f6k\u00f6k, hissz\u00fck, hogy tudat\u00e1ban vagytok Isten el\u0151tt a felel\u0151ss\u00e9gnek, \u00e9s a jelenlegi helyzet rendk\u00edv\u00fcli s\u00falyoss\u00e1g\u00e1nak. R\u00f6viden: a lengyel nemzet megment\u00e9s\u00e9nek eggyetlen \u00fatja van, \u00e9s az a b\u0171nb\u00e1nat. Kezdjetek b\u0171nb\u00e1nattal, de nektek musz\u00e1j kezdeni azt. Lengyelorsz\u00e1g felett az id\u00e9n Damokl\u00e9sz kardja f\u00fcgg, az iszl\u00e1miz\u00e1ci\u00f3 \u00e9s a nemek szerinti demoraliz\u00e1ci\u00f3, amit az [&hellip;]<\/p>\n","protected":false},"author":1,"featured_media":0,"comment_status":"closed","ping_status":"closed","sticky":false,"template":"","format":"standard","meta":[],"categories":[67,71],"tags":[],"_links":{"self":[{"href":"https:\/\/vkpatriarhat.org\/hu\/wp-json\/wp\/v2\/posts\/15264"}],"collection":[{"href":"https:\/\/vkpatriarhat.org\/hu\/wp-json\/wp\/v2\/posts"}],"about":[{"href":"https:\/\/vkpatriarhat.org\/hu\/wp-json\/wp\/v2\/types\/post"}],"author":[{"embeddable":true,"href":"https:\/\/vkpatriarhat.org\/hu\/wp-json\/wp\/v2\/users\/1"}],"replies":[{"embeddable":true,"href":"https:\/\/vkpatriarhat.org\/hu\/wp-json\/wp\/v2\/comments?post=15264"}],"version-history":[{"count":4,"href":"https:\/\/vkpatriarhat.org\/hu\/wp-json\/wp\/v2\/posts\/15264\/revisions"}],"predecessor-version":[{"id":15270,"href":"https:\/\/vkpatriarhat.org\/hu\/wp-json\/wp\/v2\/posts\/15264\/revisions\/15270"}],"wp:attachment":[{"href":"https:\/\/vkpatriarhat.org\/hu\/wp-json\/wp\/v2\/media?parent=15264"}],"wp:term":[{"taxonomy":"category","embeddable":true,"href":"https:\/\/vkpatriarhat.org\/hu\/wp-json\/wp\/v2\/categories?post=15264"},{"taxonomy":"post_tag","embeddable":true,"href":"https:\/\/vkpatriarhat.org\/hu\/wp-json\/wp\/v2\/tags?post=15264"}],"curies":[{"name":"wp","href":"https:\/\/api.w.org\/{rel}","templated":true}]}}