{"id":15203,"date":"2018-06-01T19:27:59","date_gmt":"2018-06-01T16:27:59","guid":{"rendered":"http:\/\/vkpatriarhat.org\/hu\/?p=15203"},"modified":"2025-05-01T22:25:34","modified_gmt":"2025-05-01T19:25:34","slug":"reakcio-a-harom-homoszexualis-aldozat-talalkozasa-ferenccel","status":"publish","type":"post","link":"https:\/\/vkpatriarhat.org\/hu\/reakcio-a-harom-homoszexualis-aldozat-talalkozasa-ferenccel\/","title":{"rendered":"Reakci\u00f3 a h\u00e1rom homoszexu\u00e1lis \u00e1ldozat tal\u00e1lkoz\u00e1sa Ferenccel"},"content":{"rendered":"\t\t<div data-elementor-type=\"wp-post\" data-elementor-id=\"15203\" class=\"elementor elementor-15203\" data-elementor-settings=\"[]\">\n\t\t\t\t\t\t\t<div class=\"elementor-section-wrap\">\n\t\t\t\t\t\t\t<section class=\"elementor-section elementor-top-section elementor-element elementor-element-1ee998e4 elementor-section-boxed elementor-section-height-default elementor-section-height-default\" data-id=\"1ee998e4\" data-element_type=\"section\">\n\t\t\t\t\t\t<div class=\"elementor-container elementor-column-gap-default\">\n\t\t\t\t\t<div class=\"elementor-column elementor-col-100 elementor-top-column elementor-element elementor-element-30e2a968\" data-id=\"30e2a968\" data-element_type=\"column\">\n\t\t\t<div class=\"elementor-widget-wrap elementor-element-populated\">\n\t\t\t\t\t\t\t\t<div class=\"elementor-element elementor-element-7831c2eb elementor-widget elementor-widget-text-editor\" data-id=\"7831c2eb\" data-element_type=\"widget\" data-widget_type=\"text-editor.default\">\n\t\t\t\t<div class=\"elementor-widget-container\">\n\t\t\t\t\t\t\t<p style=\"text-align: justify;\">Vil\u00e1gszerte k\u00f6zz\u00e9tette a m\u00e9dia Ferenc Bergoglio tal\u00e1lkoz\u00e1s\u00e1t h\u00e1rom homoszexu\u00e1lis \u00e1ldozattal Csill\u00e9ben. Felel\u0151s megold\u00e1s helyett Ferenc ezekkel az \u00e1ldozatokkal vissza\u00e9lve precedensk\u00e9nt \u00e9rv\u00e9nyes\u00edtve a hamis toleranci\u00e1t a homoszexualit\u00e1s \u00e9s a pedof\u00edli\u00e1val szemben. A csapat tagadjai megtagadt\u00e1k az Isteni \u00e9s a term\u00e9szetes t\u00f6rv\u00e9nyeket. Geynek sz\u00f3 szerint azt mondta: \u201eIsten t\u00e9ged \u00edgy teremtett\u201d.<\/p><div style=\"text-align: center;\"><object width=\"790\" height=\"445\"><param name=\"movie\" value=\"\/\/www.youtube.com\/v\/kfSr05YvJIo?hl=uk_UA&amp;version=3&amp;rel=0\" \/><param name=\"allowFullScreen\" value=\"true\" \/><param name=\"allowscriptaccess\" value=\"always\" \/><span style=\"display: inline-block; width: 0px; overflow: hidden; line-height: 0;\" data-mce-type=\"bookmark\" class=\"mce_SELRES_start\">\ufeff<\/span><embed src=\"\/\/www.youtube.com\/v\/kfSr05YvJIo?hl=uk_UA&amp;version=3&amp;rel=0\" type=\"application\/x-shockwave-flash\" width=\"790\" height=\"445\" allowscriptaccess=\"always\" allowfullscreen=\"allowfullscreen\" \/><span style=\"display: inline-block; width: 0px; overflow: hidden; line-height: 0;\" data-mce-type=\"bookmark\" class=\"mce_SELRES_end\">\ufeff<\/span><\/object><\/div><p style=\"text-align: justify;\">Ez hazugs\u00e1g \u00e9s eretneks\u00e9g. Az ember Istennek k\u00e9pm\u00e1s\u00e1ra teremtetett , mint f\u00e9rfi \u00e9s n\u0151. Csak k\u00e9t nem, f\u00e9rfi \u00e9s n\u0151. Isten nem teremtett szexu\u00e1lis perverzi\u00f3t. Ez a b\u0171n gy\u00fcm\u00f6lcse.<\/p><p style=\"text-align: justify;\">Ferenc az \u00f6szt\u00f6nz\u00e9s\u00e9ben tagadta az objekt\u00edv erk\u00f6lcsi norm\u00e1kat. Meg cs\u00f3kolja a l\u00e1b\u00e1t, transzszexu\u00e1lisnak \u00e9s homoszexu\u00e1lisnak. Bebizony\u00edtja az eg\u00e9sz vil\u00e1g el\u0151tt, hogy nincs benne Krisztus Lelke, hanem az antikrisztus szelleme.<\/p><\/div><\/div><\/div><\/div><\/div><\/section><\/div><\/div><br><a class=\"btn btn-theme post-btn\" href=\"https:\/\/vkpatriarhat.org\/hu\/reakcio-a-harom-homoszexualis-aldozat-talalkozasa-ferenccel\/\">\u0427\u0438\u0442\u0430\u0442\u0438 \u0434\u0430\u043b\u0456<\/a>","protected":false},"excerpt":{"rendered":"<p>Vil\u00e1gszerte k\u00f6zz\u00e9tette a m\u00e9dia Ferenc Bergoglio tal\u00e1lkoz\u00e1s\u00e1t h\u00e1rom homoszexu\u00e1lis \u00e1ldozattal Csill\u00e9ben. Felel\u0151s megold\u00e1s helyett Ferenc ezekkel az \u00e1ldozatokkal vissza\u00e9lve precedensk\u00e9nt \u00e9rv\u00e9nyes\u00edtve a hamis toleranci\u00e1t a homoszexualit\u00e1s \u00e9s a pedof\u00edli\u00e1val szemben. A csapat tagadjai megtagadt\u00e1k az Isteni \u00e9s a term\u00e9szetes t\u00f6rv\u00e9nyeket. Geynek sz\u00f3 szerint azt mondta: \u201eIsten t\u00e9ged \u00edgy teremtett\u201d. \ufeff\ufeff Ez hazugs\u00e1g \u00e9s eretneks\u00e9g. Az [&hellip;]<\/p>\n","protected":false},"author":1,"featured_media":26556,"comment_status":"closed","ping_status":"closed","sticky":false,"template":"","format":"standard","meta":[],"categories":[41,84,85],"tags":[],"_links":{"self":[{"href":"https:\/\/vkpatriarhat.org\/hu\/wp-json\/wp\/v2\/posts\/15203"}],"collection":[{"href":"https:\/\/vkpatriarhat.org\/hu\/wp-json\/wp\/v2\/posts"}],"about":[{"href":"https:\/\/vkpatriarhat.org\/hu\/wp-json\/wp\/v2\/types\/post"}],"author":[{"embeddable":true,"href":"https:\/\/vkpatriarhat.org\/hu\/wp-json\/wp\/v2\/users\/1"}],"replies":[{"embeddable":true,"href":"https:\/\/vkpatriarhat.org\/hu\/wp-json\/wp\/v2\/comments?post=15203"}],"version-history":[{"count":10,"href":"https:\/\/vkpatriarhat.org\/hu\/wp-json\/wp\/v2\/posts\/15203\/revisions"}],"predecessor-version":[{"id":26559,"href":"https:\/\/vkpatriarhat.org\/hu\/wp-json\/wp\/v2\/posts\/15203\/revisions\/26559"}],"wp:featuredmedia":[{"embeddable":true,"href":"https:\/\/vkpatriarhat.org\/hu\/wp-json\/wp\/v2\/media\/26556"}],"wp:attachment":[{"href":"https:\/\/vkpatriarhat.org\/hu\/wp-json\/wp\/v2\/media?parent=15203"}],"wp:term":[{"taxonomy":"category","embeddable":true,"href":"https:\/\/vkpatriarhat.org\/hu\/wp-json\/wp\/v2\/categories?post=15203"},{"taxonomy":"post_tag","embeddable":true,"href":"https:\/\/vkpatriarhat.org\/hu\/wp-json\/wp\/v2\/tags?post=15203"}],"curies":[{"name":"wp","href":"https:\/\/api.w.org\/{rel}","templated":true}]}}