{"id":15033,"date":"2018-03-30T10:09:04","date_gmt":"2018-03-30T07:09:04","guid":{"rendered":"http:\/\/vkpatriarhat.org\/hu\/?p=15033"},"modified":"2025-01-23T12:37:56","modified_gmt":"2025-01-23T09:37:56","slug":"bunbanat-es-imadsag-a-v4-orszagok-puspokeinek","status":"publish","type":"post","link":"https:\/\/vkpatriarhat.org\/hu\/bunbanat-es-imadsag-a-v4-orszagok-puspokeinek\/","title":{"rendered":"B\u0171nb\u00e1nat \u00e9s im\u00e1ds\u00e1g &#8211; a V4 orsz\u00e1gok p\u00fcsp\u00f6keinek"},"content":{"rendered":"\t\t<div data-elementor-type=\"wp-post\" data-elementor-id=\"15033\" class=\"elementor elementor-15033\" data-elementor-settings=\"[]\">\n\t\t\t\t\t\t\t<div class=\"elementor-section-wrap\">\n\t\t\t\t\t\t\t<section class=\"elementor-section elementor-top-section elementor-element elementor-element-53dabb65 elementor-section-boxed elementor-section-height-default elementor-section-height-default\" data-id=\"53dabb65\" data-element_type=\"section\">\n\t\t\t\t\t\t<div class=\"elementor-container elementor-column-gap-default\">\n\t\t\t\t\t<div class=\"elementor-column elementor-col-100 elementor-top-column elementor-element elementor-element-19cbe1a9\" data-id=\"19cbe1a9\" data-element_type=\"column\">\n\t\t\t<div class=\"elementor-widget-wrap elementor-element-populated\">\n\t\t\t\t\t\t\t\t<div class=\"elementor-element elementor-element-56f2c8c8 elementor-widget elementor-widget-text-editor\" data-id=\"56f2c8c8\" data-element_type=\"widget\" data-widget_type=\"text-editor.default\">\n\t\t\t\t<div class=\"elementor-widget-container\">\n\t\t\t\t\t\t\t<p style=\"text-align: justify;\">Nagyb\u00f6jti id\u0151szak cs\u00facsosodik, bel\u00e9p\u00fcnk a Szent h\u00e9tbe. Eml\u00e9kez\u00fcnk Krisztus Megv\u00e1lt\u00f3 hal\u00e1l\u00e1ra \u00e9s dics\u0151s\u00e9ges Felt\u00e1mad\u00e1s\u00e1ra.<\/p><p style=\"text-align: justify;\">A biz\u00e1nci katolikus patriarch\u00e1tus k\u00e9r\u00e9ssel fordul \u00d6n\u00f6kh\u00f6z , a V4 orsz\u00e1gainak tiszteletrem\u00e9lt\u00f3 p\u00fcsp\u00f6kiehez. <u>\u00d6szt\u00f6n\u00f6zzenek h\u00fasv\u00e9ti felvonul\u00e1sra 2018. \u00e1prilis 2-\u00e1n.<\/u> Ez a felvonul\u00e1s legyen minden faluban \u00e9s v\u00e1rosban a csal\u00e1d\u00e9rt \u00e9s nemzet\u00e9rt.<\/p><div style=\"text-align: center;\"><object width=\"790\" height=\"445\"><param name=\"movie\" value=\"\/\/www.youtube.com\/v\/qEWP-2Xrh5o?hl=uk_UA&amp;version=3&amp;rel=0\" \/><param name=\"allowFullScreen\" value=\"true\" \/><param name=\"allowscriptaccess\" value=\"always\" \/><span style=\"display: inline-block; width: 0px; overflow: hidden; line-height: 0;\" data-mce-type=\"bookmark\" class=\"mce_SELRES_start\">\ufeff<\/span><embed src=\"\/\/www.youtube.com\/v\/qEWP-2Xrh5o?hl=uk_UA&amp;version=3&amp;rel=0\" type=\"application\/x-shockwave-flash\" width=\"790\" height=\"445\" allowscriptaccess=\"always\" allowfullscreen=\"allowfullscreen\" \/><span style=\"display: inline-block; width: 0px; overflow: hidden; line-height: 0;\" data-mce-type=\"bookmark\" class=\"mce_SELRES_end\">\ufeff<\/span><\/object><\/div><p style=\"text-align: justify;\">Amikor Szlov\u00e1kiat vesz\u00e9lyeztette a forradalom, sok h\u00edv\u0151 \u00edg\u00e9retet adott Istennek. Napi k\u00e9t \u00f3r\u00e1t im\u00e1dkozik, eg\u00e9szen H\u00fasv\u00e9tig, Szlov\u00e1kia megment\u00e9s\u00e9\u00e9rt. Egy \u00f3rat im\u00e1dkoznak este 20-21: 00-ig minden csal\u00e1dban. A m\u00e1sodik \u00f3rat mindenki a sz\u00e1m\u00e1ra megfelel\u0151 id\u0151ben. Sokan h\u00e9tf\u0151n, szerd\u00e1n \u00e9s p\u00e9nteken b\u00f6jt\u00f6lnek, meleg \u00e9telt csak este fogyasztanak. Isten meg hallgatta szenved\u00e9lyes h\u00edv\u00e1sukat. De ezzel a lelki k\u00fczdelem nem \u00e9rt v\u00e9get. Tov\u00e1bbra is a V4 orsz\u00e1gokat fenyegeti az \u00f6ngyilkoss\u00e1ggal fenyegetett, Dublin IV \u00e9s az Isztambuli Egyezm\u00e9ny. Olyan ez, mint D\u00e1vid \u00e9s G\u00f3li\u00e1t harca.<\/p><\/div><\/div><\/div><\/div><\/div><\/section><\/div><\/div><br><a class=\"btn btn-theme post-btn\" href=\"https:\/\/vkpatriarhat.org\/hu\/bunbanat-es-imadsag-a-v4-orszagok-puspokeinek\/\">\u0427\u0438\u0442\u0430\u0442\u0438 \u0434\u0430\u043b\u0456<\/a>","protected":false},"excerpt":{"rendered":"<p>Nagyb\u00f6jti id\u0151szak cs\u00facsosodik, bel\u00e9p\u00fcnk a Szent h\u00e9tbe. Eml\u00e9kez\u00fcnk Krisztus Megv\u00e1lt\u00f3 hal\u00e1l\u00e1ra \u00e9s dics\u0151s\u00e9ges Felt\u00e1mad\u00e1s\u00e1ra. A biz\u00e1nci katolikus patriarch\u00e1tus k\u00e9r\u00e9ssel fordul \u00d6n\u00f6kh\u00f6z , a V4 orsz\u00e1gainak tiszteletrem\u00e9lt\u00f3 p\u00fcsp\u00f6kiehez. \u00d6szt\u00f6n\u00f6zzenek h\u00fasv\u00e9ti felvonul\u00e1sra 2018. \u00e1prilis 2-\u00e1n. Ez a felvonul\u00e1s legyen minden faluban \u00e9s v\u00e1rosban a csal\u00e1d\u00e9rt \u00e9s nemzet\u00e9rt. \ufeff\ufeff Amikor Szlov\u00e1kiat vesz\u00e9lyeztette a forradalom, sok h\u00edv\u0151 \u00edg\u00e9retet adott [&hellip;]<\/p>\n","protected":false},"author":1,"featured_media":0,"comment_status":"closed","ping_status":"closed","sticky":false,"template":"","format":"standard","meta":[],"categories":[67,71,34,85],"tags":[],"_links":{"self":[{"href":"https:\/\/vkpatriarhat.org\/hu\/wp-json\/wp\/v2\/posts\/15033"}],"collection":[{"href":"https:\/\/vkpatriarhat.org\/hu\/wp-json\/wp\/v2\/posts"}],"about":[{"href":"https:\/\/vkpatriarhat.org\/hu\/wp-json\/wp\/v2\/types\/post"}],"author":[{"embeddable":true,"href":"https:\/\/vkpatriarhat.org\/hu\/wp-json\/wp\/v2\/users\/1"}],"replies":[{"embeddable":true,"href":"https:\/\/vkpatriarhat.org\/hu\/wp-json\/wp\/v2\/comments?post=15033"}],"version-history":[{"count":9,"href":"https:\/\/vkpatriarhat.org\/hu\/wp-json\/wp\/v2\/posts\/15033\/revisions"}],"predecessor-version":[{"id":26195,"href":"https:\/\/vkpatriarhat.org\/hu\/wp-json\/wp\/v2\/posts\/15033\/revisions\/26195"}],"wp:attachment":[{"href":"https:\/\/vkpatriarhat.org\/hu\/wp-json\/wp\/v2\/media?parent=15033"}],"wp:term":[{"taxonomy":"category","embeddable":true,"href":"https:\/\/vkpatriarhat.org\/hu\/wp-json\/wp\/v2\/categories?post=15033"},{"taxonomy":"post_tag","embeddable":true,"href":"https:\/\/vkpatriarhat.org\/hu\/wp-json\/wp\/v2\/tags?post=15033"}],"curies":[{"name":"wp","href":"https:\/\/api.w.org\/{rel}","templated":true}]}}