{"id":14982,"date":"2018-03-19T21:06:14","date_gmt":"2018-03-19T18:06:14","guid":{"rendered":"http:\/\/vkpatriarhat.org\/hu\/?p=14982"},"modified":"2025-01-23T12:41:03","modified_gmt":"2025-01-23T09:41:03","slug":"csehek-es-morvak-ebredjetek","status":"publish","type":"post","link":"https:\/\/vkpatriarhat.org\/hu\/csehek-es-morvak-ebredjetek\/","title":{"rendered":"Csehek \u00e9s Morv\u00e1k, \u00e9bredjetek!"},"content":{"rendered":"\t\t<div data-elementor-type=\"wp-post\" data-elementor-id=\"14982\" class=\"elementor elementor-14982\" data-elementor-settings=\"[]\">\n\t\t\t\t\t\t\t<div class=\"elementor-section-wrap\">\n\t\t\t\t\t\t\t<section class=\"elementor-section elementor-top-section elementor-element elementor-element-506f865 elementor-section-boxed elementor-section-height-default elementor-section-height-default\" data-id=\"506f865\" data-element_type=\"section\">\n\t\t\t\t\t\t<div class=\"elementor-container elementor-column-gap-default\">\n\t\t\t\t\t<div class=\"elementor-column elementor-col-100 elementor-top-column elementor-element elementor-element-cbf98bf\" data-id=\"cbf98bf\" data-element_type=\"column\">\n\t\t\t<div class=\"elementor-widget-wrap elementor-element-populated\">\n\t\t\t\t\t\t\t\t<div class=\"elementor-element elementor-element-6a4e5a6f elementor-widget elementor-widget-text-editor\" data-id=\"6a4e5a6f\" data-element_type=\"widget\" data-widget_type=\"text-editor.default\">\n\t\t\t\t<div class=\"elementor-widget-container\">\n\t\t\t\t\t\t\t<p style=\"text-align: justify;\">A 2018-as \u00e9v a Cseh K\u00f6zt\u00e1rsas\u00e1g 100. \u00e9vfordul\u00f3j\u00e1nak \u00e9ve, \u00e9s ebben az \u00e9vben k\u00e9t nagy vesz\u00e9ly fenyeget benn\u00fcnket. Fenyeget az Isztambuli Egyezm\u00e9ny ratifik\u00e1l\u00e1sa \u00e9s a Dublin IV. al\u00e1\u00edr\u00e1sa.<\/p><p style=\"text-align: justify;\">Mit tartalmaz az \u00fagynevezett <strong>Isztambuli Egyezm\u00e9ny?<\/strong><\/p><p style=\"text-align: justify;\">R\u00f6viden: ez nem <em>\u201emegel\u0151z\u00e9s n\u0151k elleni er\u0151szak \u00e9s a csal\u00e1don bel\u00fcli er\u0151szak\u201d,<\/em> de ez a <u>megtestes\u00fcl\u00e9s \u00f6ngyilkos nemi ideol\u00f3gia<\/u> bevezet\u00e9s\u00e9vel j\u00e1r\u00f3 nemzetek feletti ellen\u0151rz\u00e9si mechanizmus (pl.GREVIO).<\/p><div style=\"text-align: center;\"><object width=\"790\" height=\"445\"><param name=\"movie\" value=\"\/\/www.youtube.com\/v\/rUswQl851DQ?hl=uk_UA&amp;version=3&amp;rel=0\" \/><param name=\"allowFullScreen\" value=\"true\" \/><param name=\"allowscriptaccess\" value=\"always\" \/><span style=\"display: inline-block; width: 0px; overflow: hidden; line-height: 0;\" data-mce-type=\"bookmark\" class=\"mce_SELRES_start\">\ufeff<\/span><embed src=\"\/\/www.youtube.com\/v\/rUswQl851DQ?hl=uk_UA&amp;version=3&amp;rel=0\" type=\"application\/x-shockwave-flash\" width=\"790\" height=\"445\" allowscriptaccess=\"always\" allowfullscreen=\"allowfullscreen\" \/><span style=\"display: inline-block; width: 0px; overflow: hidden; line-height: 0;\" data-mce-type=\"bookmark\" class=\"mce_SELRES_end\">\ufeff<\/span><\/object><\/div><p style=\"text-align: justify;\">Mit jelent a gyakorlatban? A <strong>gyermekeket ok n\u00e9lk\u00fcl elrabolj\u00e1k a csal\u00e1dokt\u00f3l ez a<\/strong> <strong>szupranacion\u00e1lis mechanizmus<\/strong>. Teh\u00e1t ez a helyzet Norv\u00e9gi\u00e1ban, Finnorsz\u00e1gban, Franciaorsz\u00e1gban, Angli\u00e1ban, N\u00e9metorsz\u00e1gban, &#8230; de az inform\u00e1ci\u00f3kat szigor\u00faan titokban tartj\u00e1k, \u00edgy a k\u00f6zv\u00e9lem\u00e9nyt a b\u0171ncselekm\u00e9nyekr\u0151l az \u00fajfasiszta rendszer \u00e1ltal\u00e1ban nem tudatja.<strong> Az Isztambuli Egyezm\u00e9ny ratifik\u00e1l\u00e1sa m\u00e9g ann\u00e1l is rosszabb, mint al\u00e1\u00edrni a hal\u00e1los \u00edt\u00e9let\u00e9t t\u00f6bb sz\u00e1zezer v\u00e9dtelen gyermek \u00e9lete felett!<\/strong><\/p><p><\/p><\/div><\/div><\/div><\/div><\/div><\/section><\/div><\/div><br><a class=\"btn btn-theme post-btn\" href=\"https:\/\/vkpatriarhat.org\/hu\/csehek-es-morvak-ebredjetek\/\">\u0427\u0438\u0442\u0430\u0442\u0438 \u0434\u0430\u043b\u0456<\/a>","protected":false},"excerpt":{"rendered":"<p>A 2018-as \u00e9v a Cseh K\u00f6zt\u00e1rsas\u00e1g 100. \u00e9vfordul\u00f3j\u00e1nak \u00e9ve, \u00e9s ebben az \u00e9vben k\u00e9t nagy vesz\u00e9ly fenyeget benn\u00fcnket. Fenyeget az Isztambuli Egyezm\u00e9ny ratifik\u00e1l\u00e1sa \u00e9s a Dublin IV. al\u00e1\u00edr\u00e1sa. Mit tartalmaz az \u00fagynevezett Isztambuli Egyezm\u00e9ny? R\u00f6viden: ez nem \u201emegel\u0151z\u00e9s n\u0151k elleni er\u0151szak \u00e9s a csal\u00e1don bel\u00fcli er\u0151szak\u201d, de ez a megtestes\u00fcl\u00e9s \u00f6ngyilkos nemi ideol\u00f3gia bevezet\u00e9s\u00e9vel j\u00e1r\u00f3 [&hellip;]<\/p>\n","protected":false},"author":1,"featured_media":0,"comment_status":"closed","ping_status":"closed","sticky":false,"template":"","format":"standard","meta":[],"categories":[34,84,85],"tags":[],"_links":{"self":[{"href":"https:\/\/vkpatriarhat.org\/hu\/wp-json\/wp\/v2\/posts\/14982"}],"collection":[{"href":"https:\/\/vkpatriarhat.org\/hu\/wp-json\/wp\/v2\/posts"}],"about":[{"href":"https:\/\/vkpatriarhat.org\/hu\/wp-json\/wp\/v2\/types\/post"}],"author":[{"embeddable":true,"href":"https:\/\/vkpatriarhat.org\/hu\/wp-json\/wp\/v2\/users\/1"}],"replies":[{"embeddable":true,"href":"https:\/\/vkpatriarhat.org\/hu\/wp-json\/wp\/v2\/comments?post=14982"}],"version-history":[{"count":6,"href":"https:\/\/vkpatriarhat.org\/hu\/wp-json\/wp\/v2\/posts\/14982\/revisions"}],"predecessor-version":[{"id":26199,"href":"https:\/\/vkpatriarhat.org\/hu\/wp-json\/wp\/v2\/posts\/14982\/revisions\/26199"}],"wp:attachment":[{"href":"https:\/\/vkpatriarhat.org\/hu\/wp-json\/wp\/v2\/media?parent=14982"}],"wp:term":[{"taxonomy":"category","embeddable":true,"href":"https:\/\/vkpatriarhat.org\/hu\/wp-json\/wp\/v2\/categories?post=14982"},{"taxonomy":"post_tag","embeddable":true,"href":"https:\/\/vkpatriarhat.org\/hu\/wp-json\/wp\/v2\/tags?post=14982"}],"curies":[{"name":"wp","href":"https:\/\/api.w.org\/{rel}","templated":true}]}}