{"id":25825,"date":"2024-10-26T16:14:48","date_gmt":"2024-10-26T13:14:48","guid":{"rendered":"https:\/\/vkpatriarhat.org\/de\/?p=25825"},"modified":"2024-11-21T17:56:37","modified_gmt":"2024-11-21T14:56:37","slug":"bischof-strickland","status":"publish","type":"post","link":"https:\/\/vkpatriarhat.org\/de\/bischof-strickland\/","title":{"rendered":"BKP: Ein Appell an Bischof Strickland, Bu\u00dfe zu tun"},"content":{"rendered":"\t\t<div data-elementor-type=\"wp-post\" data-elementor-id=\"25825\" class=\"elementor elementor-25825\" data-elementor-settings=\"[]\">\n\t\t\t\t\t\t\t<div class=\"elementor-section-wrap\">\n\t\t\t\t\t\t\t<section class=\"elementor-section elementor-top-section elementor-element elementor-element-700cf686 elementor-section-boxed elementor-section-height-default elementor-section-height-default\" data-id=\"700cf686\" data-element_type=\"section\">\n\t\t\t\t\t\t<div class=\"elementor-container elementor-column-gap-default\">\n\t\t\t\t\t<div class=\"elementor-column elementor-col-100 elementor-top-column elementor-element elementor-element-43a51b77\" data-id=\"43a51b77\" data-element_type=\"column\">\n\t\t\t<div class=\"elementor-widget-wrap elementor-element-populated\">\n\t\t\t\t\t\t\t\t<div class=\"elementor-element elementor-element-691cabd1 elementor-widget elementor-widget-text-editor\" data-id=\"691cabd1\" data-element_type=\"widget\" data-widget_type=\"text-editor.default\">\n\t\t\t\t<div class=\"elementor-widget-container\">\n\t\t\t<style>\/*! elementor - v3.5.5 - 03-02-2022 *\/\n.elementor-widget-text-editor.elementor-drop-cap-view-stacked .elementor-drop-cap{background-color:#818a91;color:#fff}.elementor-widget-text-editor.elementor-drop-cap-view-framed .elementor-drop-cap{color:#818a91;border:3px solid;background-color:transparent}.elementor-widget-text-editor:not(.elementor-drop-cap-view-default) .elementor-drop-cap{margin-top:8px}.elementor-widget-text-editor:not(.elementor-drop-cap-view-default) .elementor-drop-cap-letter{width:1em;height:1em}.elementor-widget-text-editor .elementor-drop-cap{float:left;text-align:center;line-height:1;font-size:50px}.elementor-widget-text-editor .elementor-drop-cap-letter{display:inline-block}<\/style>\t\t\t\t<p style=\"text-align: justify;\">Sehr geehrter Bischof Joseph,<\/p>\n<p style=\"text-align: justify;\">in mehreren Ihrer Reden sprechen Sie als rechtgl\u00e4ubiger katholischer Bischof und betonen die gesunden Wurzeln der katholischen Lehre. Zu Ihren j\u00fcngsten Artikeln geh\u00f6rt eine Antwort auf die Ansprache des Pseudopapstes Bergoglio vor Jugendlichen in Singapur. Sie weisen deutlich auf seine h\u00e4retische Position hin und beziehen sich auf p\u00e4pstliche Dokumente aus der Vergangenheit. Ihre Argumente stehen voll und ganz im Einklang mit der katholischen Lehre.<\/p>\n\n<div style=\"text-align: center;\">\n\n<script>!function(r,u,m,b,l,e){r._Rumble=b,r[b]||(r[b]=function(){(r[b]._=r[b]._||[]).push(arguments);if(r[b]._.length==1){l=u.createElement(m),e=u.getElementsByTagName(m)[0],l.async=1,l.src=\"https:\/\/rumble.com\/embedJS\/uf1ws9\"+(arguments[1].video?'.'+arguments[1].video:'')+\"\/?url=\"+encodeURIComponent(location.href)+\"&args=\"+encodeURIComponent(JSON.stringify([].slice.apply(arguments))),e.parentNode.insertBefore(l,e)}})}(window, document, \"script\", \"Rumble\");<\/script>\n\n<div id=\"rumble_v5hy1d6\"><\/div>\n<script>\nRumble(\"play\", {\"video\":\"v5hy1d6\",\"div\":\"rumble_v5hy1d6\"});<\/script>\n<\/div>\n<p style=\"text-align: center;\"><em><strong><span style=\"color: #1a0000;\">Sehen Sie dieses Video auf:<\/span> <\/strong><\/em><span style=\"color: #800000;\"><em><strong><a href=\"https:\/\/rumble.com\/v5k76le-an-bischof-strickland.html\">https:\/\/rumble.com\/v5k76le-an-bischof-strickland.html<\/a>\u00a0 \u00a0<\/strong><\/em><\/span>\n<span style=\"color: #800000;\"><em><strong><a href=\"https:\/\/cos.tv\/videos\/play\/56469902338331648\">https:\/\/cos.tv\/videos\/play\/56469902338331648<\/a>\u00a0 \u00a0<\/strong><\/em><\/span>\n<span style=\"color: #800000;\"><em><strong><a href=\"https:\/\/youtu.be\/kq565_XpnWw\">https:\/\/youtu.be\/kq565_XpnWw<\/a>\u00a0 \u00a0<\/strong><\/em><\/span><\/p>\n<\/div><\/div><\/div><\/div><\/div><\/section><\/div><\/div><br><a class=\"btn btn-theme post-btn\" href=\"https:\/\/vkpatriarhat.org\/de\/bischof-strickland\/\">\u0427\u0438\u0442\u0430\u0442\u0438 \u0434\u0430\u043b\u0456<\/a>","protected":false},"excerpt":{"rendered":"<p>Sehr geehrter Bischof Joseph, in mehreren Ihrer Reden sprechen Sie als rechtgl\u00e4ubiger katholischer Bischof und betonen die gesunden Wurzeln der katholischen Lehre. Zu Ihren j\u00fcngsten Artikeln geh\u00f6rt eine Antwort auf die Ansprache des Pseudopapstes Bergoglio vor Jugendlichen in Singapur. Sie weisen deutlich auf seine h\u00e4retische Position hin und beziehen sich auf p\u00e4pstliche Dokumente aus der [&hellip;]<\/p>\n","protected":false},"author":1,"featured_media":25826,"comment_status":"closed","ping_status":"closed","sticky":false,"template":"","format":"standard","meta":{"ngg_post_thumbnail":0},"categories":[85],"tags":[],"_links":{"self":[{"href":"https:\/\/vkpatriarhat.org\/de\/wp-json\/wp\/v2\/posts\/25825"}],"collection":[{"href":"https:\/\/vkpatriarhat.org\/de\/wp-json\/wp\/v2\/posts"}],"about":[{"href":"https:\/\/vkpatriarhat.org\/de\/wp-json\/wp\/v2\/types\/post"}],"author":[{"embeddable":true,"href":"https:\/\/vkpatriarhat.org\/de\/wp-json\/wp\/v2\/users\/1"}],"replies":[{"embeddable":true,"href":"https:\/\/vkpatriarhat.org\/de\/wp-json\/wp\/v2\/comments?post=25825"}],"version-history":[{"count":11,"href":"https:\/\/vkpatriarhat.org\/de\/wp-json\/wp\/v2\/posts\/25825\/revisions"}],"predecessor-version":[{"id":25917,"href":"https:\/\/vkpatriarhat.org\/de\/wp-json\/wp\/v2\/posts\/25825\/revisions\/25917"}],"wp:featuredmedia":[{"embeddable":true,"href":"https:\/\/vkpatriarhat.org\/de\/wp-json\/wp\/v2\/media\/25826"}],"wp:attachment":[{"href":"https:\/\/vkpatriarhat.org\/de\/wp-json\/wp\/v2\/media?parent=25825"}],"wp:term":[{"taxonomy":"category","embeddable":true,"href":"https:\/\/vkpatriarhat.org\/de\/wp-json\/wp\/v2\/categories?post=25825"},{"taxonomy":"post_tag","embeddable":true,"href":"https:\/\/vkpatriarhat.org\/de\/wp-json\/wp\/v2\/tags?post=25825"}],"curies":[{"name":"wp","href":"https:\/\/api.w.org\/{rel}","templated":true}]}}