{"id":25686,"date":"2024-08-21T22:08:35","date_gmt":"2024-08-21T19:08:35","guid":{"rendered":"https:\/\/vkpatriarhat.org\/de\/?p=25686"},"modified":"2024-11-21T18:01:09","modified_gmt":"2024-11-21T15:01:09","slug":"kommentar-vigano-1","status":"publish","type":"post","link":"https:\/\/vkpatriarhat.org\/de\/kommentar-vigano-1\/","title":{"rendered":"BKP: Kommentar zum Interview mit Erzbischof C. M. Vigan\u00f2 \u00fcber die Kirche des Antichristen \/Teil 1\/"},"content":{"rendered":"\t\t<div data-elementor-type=\"wp-post\" data-elementor-id=\"25686\" class=\"elementor elementor-25686\" data-elementor-settings=\"[]\">\n\t\t\t\t\t\t\t<div class=\"elementor-section-wrap\">\n\t\t\t\t\t\t\t<section class=\"elementor-section elementor-top-section elementor-element elementor-element-2f7689ee elementor-section-boxed elementor-section-height-default elementor-section-height-default\" data-id=\"2f7689ee\" data-element_type=\"section\">\n\t\t\t\t\t\t<div class=\"elementor-container elementor-column-gap-default\">\n\t\t\t\t\t<div class=\"elementor-column elementor-col-100 elementor-top-column elementor-element elementor-element-6702c02b\" data-id=\"6702c02b\" data-element_type=\"column\">\n\t\t\t<div class=\"elementor-widget-wrap elementor-element-populated\">\n\t\t\t\t\t\t\t\t<div class=\"elementor-element elementor-element-3e981762 elementor-widget elementor-widget-text-editor\" data-id=\"3e981762\" data-element_type=\"widget\" data-widget_type=\"text-editor.default\">\n\t\t\t\t<div class=\"elementor-widget-container\">\n\t\t\t<style>\/*! elementor - v3.5.5 - 03-02-2022 *\/\n.elementor-widget-text-editor.elementor-drop-cap-view-stacked .elementor-drop-cap{background-color:#818a91;color:#fff}.elementor-widget-text-editor.elementor-drop-cap-view-framed .elementor-drop-cap{color:#818a91;border:3px solid;background-color:transparent}.elementor-widget-text-editor:not(.elementor-drop-cap-view-default) .elementor-drop-cap{margin-top:8px}.elementor-widget-text-editor:not(.elementor-drop-cap-view-default) .elementor-drop-cap-letter{width:1em;height:1em}.elementor-widget-text-editor .elementor-drop-cap{float:left;text-align:center;line-height:1;font-size:50px}.elementor-widget-text-editor .elementor-drop-cap-letter{display:inline-block}<\/style>\t\t\t\t<p style=\"text-align: justify;\">Der heilige Karl Borrom\u00e4us ist die Verk\u00f6rperung wahrer Reform. Man kann sagen, dass Karl die Kirche, die in Mailand und Umgebung kurz vor dem Zusammenbruch stand, buchst\u00e4blich wiederaufgebaut hat. Karl war auch die Seele des Konzils von Trient. Dieser Heilige setzte sich nicht nur f\u00fcr die Erneuerung der Struktur der Kirche, sondern auch des geistlichen Lebens ein. Daher schuf das Tridentinum auch die Voraussetzungen f\u00fcr die Heiligkeit. Das genaue Gegenteil des Tridentinums ist das Zweite Vatikanische Konzil. Diese Wahrheit wird heute von dem anderen Karl \u2013 Erzbischof Carlo Maria Vigan\u00f2 \u2013 \u00f6ffentlich \u00a0enth\u00fcllt. Tridentinum f\u00fchrte zur Reform der Kirche, aber das Zweite Vatikanum f\u00fchrte zur Deformation und Umwandlung der Kirche in eine Anti-Kirche des Neuen Zeitalters.<\/p><div style=\"text-align: center;\"><p><script>!function(r,u,m,b,l,e){r._Rumble=b,r[b]||(r[b]=function(){(r[b]._=r[b]._||[]).push(arguments);if(r[b]._.length==1){l=u.createElement(m),e=u.getElementsByTagName(m)[0],l.async=1,l.src=\"https:\/\/rumble.com\/embedJS\/uf1ws9\"+(arguments[1].video?'.'+arguments[1].video:'')+\"\/?url=\"+encodeURIComponent(location.href)+\"&args=\"+encodeURIComponent(JSON.stringify([].slice.apply(arguments))),e.parentNode.insertBefore(l,e)}})}(window, document, \"script\", \"Rumble\");<\/script><\/p><div id=\"rumble_v59ijml\">\u00a0<\/div><p><script>\nRumble(\"play\", {\"video\":\"v59ijml\",\"div\":\"rumble_v59ijml\"});<\/script><\/p><\/div><p style=\"text-align: center;\"><em><strong><span style=\"color: #120000;\">Sehen Sie dieses Video auf:<\/span> <\/strong><\/em><span style=\"color: #800000;\"><em><strong><a href=\"https:\/\/rumble.com\/v5bus25-kommentar-vigan-1.html\">https:\/\/rumble.com\/v5bus25-kommentar-vigan-1.html<\/a>\u00a0 \u00a0<\/strong><\/em><\/span><br \/><span style=\"color: #800000;\"><em><strong><a href=\"https:\/\/cos.tv\/videos\/play\/54980798849258496\">https:\/\/cos.tv\/videos\/play\/54980798849258496<\/a>\u00a0 \u00a0<\/strong><\/em><\/span><br \/><span style=\"color: #800000;\"><em><strong><a href=\"https:\/\/youtu.be\/gyGkppJMbqE\">https:\/\/youtu.be\/gyGkppJMbqE<\/a>\u00a0 \u00a0<\/strong><\/em><\/span><\/p><p><\/p><\/div><\/div><\/div><\/div><\/div><\/section><\/div><\/div><br><a class=\"btn btn-theme post-btn\" href=\"https:\/\/vkpatriarhat.org\/de\/kommentar-vigano-1\/\">\u0427\u0438\u0442\u0430\u0442\u0438 \u0434\u0430\u043b\u0456<\/a>","protected":false},"excerpt":{"rendered":"<p>Der heilige Karl Borrom\u00e4us ist die Verk\u00f6rperung wahrer Reform. Man kann sagen, dass Karl die Kirche, die in Mailand und Umgebung kurz vor dem Zusammenbruch stand, buchst\u00e4blich wiederaufgebaut hat. Karl war auch die Seele des Konzils von Trient. Dieser Heilige setzte sich nicht nur f\u00fcr die Erneuerung der Struktur der Kirche, sondern auch des geistlichen [&hellip;]<\/p>\n","protected":false},"author":1,"featured_media":25687,"comment_status":"closed","ping_status":"closed","sticky":false,"template":"","format":"standard","meta":{"ngg_post_thumbnail":0},"categories":[71,85],"tags":[],"_links":{"self":[{"href":"https:\/\/vkpatriarhat.org\/de\/wp-json\/wp\/v2\/posts\/25686"}],"collection":[{"href":"https:\/\/vkpatriarhat.org\/de\/wp-json\/wp\/v2\/posts"}],"about":[{"href":"https:\/\/vkpatriarhat.org\/de\/wp-json\/wp\/v2\/types\/post"}],"author":[{"embeddable":true,"href":"https:\/\/vkpatriarhat.org\/de\/wp-json\/wp\/v2\/users\/1"}],"replies":[{"embeddable":true,"href":"https:\/\/vkpatriarhat.org\/de\/wp-json\/wp\/v2\/comments?post=25686"}],"version-history":[{"count":10,"href":"https:\/\/vkpatriarhat.org\/de\/wp-json\/wp\/v2\/posts\/25686\/revisions"}],"predecessor-version":[{"id":25926,"href":"https:\/\/vkpatriarhat.org\/de\/wp-json\/wp\/v2\/posts\/25686\/revisions\/25926"}],"wp:featuredmedia":[{"embeddable":true,"href":"https:\/\/vkpatriarhat.org\/de\/wp-json\/wp\/v2\/media\/25687"}],"wp:attachment":[{"href":"https:\/\/vkpatriarhat.org\/de\/wp-json\/wp\/v2\/media?parent=25686"}],"wp:term":[{"taxonomy":"category","embeddable":true,"href":"https:\/\/vkpatriarhat.org\/de\/wp-json\/wp\/v2\/categories?post=25686"},{"taxonomy":"post_tag","embeddable":true,"href":"https:\/\/vkpatriarhat.org\/de\/wp-json\/wp\/v2\/tags?post=25686"}],"curies":[{"name":"wp","href":"https:\/\/api.w.org\/{rel}","templated":true}]}}