{"id":24901,"date":"2024-01-28T08:01:34","date_gmt":"2024-01-28T05:01:34","guid":{"rendered":"https:\/\/vkpatriarhat.org\/de\/?p=24901"},"modified":"2024-11-29T12:30:33","modified_gmt":"2024-11-29T09:30:33","slug":"bergoglio-erwarmung","status":"publish","type":"post","link":"https:\/\/vkpatriarhat.org\/de\/bergoglio-erwarmung\/","title":{"rendered":"BKP: Franziskus Bergoglio, Apostel der globalen Erw\u00e4rmung"},"content":{"rendered":"\t\t<div data-elementor-type=\"wp-post\" data-elementor-id=\"24901\" class=\"elementor elementor-24901\" data-elementor-settings=\"[]\">\n\t\t\t\t\t\t\t<div class=\"elementor-section-wrap\">\n\t\t\t\t\t\t\t<section class=\"elementor-section elementor-top-section elementor-element elementor-element-1aecfc61 elementor-section-boxed elementor-section-height-default elementor-section-height-default\" data-id=\"1aecfc61\" data-element_type=\"section\">\n\t\t\t\t\t\t<div class=\"elementor-container elementor-column-gap-default\">\n\t\t\t\t\t<div class=\"elementor-column elementor-col-100 elementor-top-column elementor-element elementor-element-5e1ff73a\" data-id=\"5e1ff73a\" data-element_type=\"column\">\n\t\t\t<div class=\"elementor-widget-wrap elementor-element-populated\">\n\t\t\t\t\t\t\t\t<div class=\"elementor-element elementor-element-7ded11bc elementor-widget elementor-widget-text-editor\" data-id=\"7ded11bc\" data-element_type=\"widget\" data-widget_type=\"text-editor.default\">\n\t\t\t\t<div class=\"elementor-widget-container\">\n\t\t\t<style>\/*! elementor - v3.5.5 - 03-02-2022 *\/\n.elementor-widget-text-editor.elementor-drop-cap-view-stacked .elementor-drop-cap{background-color:#818a91;color:#fff}.elementor-widget-text-editor.elementor-drop-cap-view-framed .elementor-drop-cap{color:#818a91;border:3px solid;background-color:transparent}.elementor-widget-text-editor:not(.elementor-drop-cap-view-default) .elementor-drop-cap{margin-top:8px}.elementor-widget-text-editor:not(.elementor-drop-cap-view-default) .elementor-drop-cap-letter{width:1em;height:1em}.elementor-widget-text-editor .elementor-drop-cap{float:left;text-align:center;line-height:1;font-size:50px}.elementor-widget-text-editor .elementor-drop-cap-letter{display:inline-block}<\/style>\t\t\t\t<p style=\"text-align: justify;\">Seit seinem ung\u00fcltigen Amtsantritt im Jahr 2013 hat Bergoglio neben der F\u00f6rderung der Sodomie auch die Klimahysterie und den Umweltextremismus in den Mittelpunkt seines ung\u00fcltigen Pontifikats gestellt. Im Jahr 2015 schrieb er die Enzyklika <em>Laudato si<\/em>, ein Manifest der ganzheitlichen \u00d6kologie. Am 4.\u00a0Oktober 2023 ver\u00f6ffentlichte er einen neuen Text zum Thema Klima mit dem Titel <em>Laudate Deum<\/em>, in dem er unter anderem die Gro\u00dfm\u00e4chte dazu aufrief, auf fossile Brennstoffe zu verzichten. Am 2.\u00a0Dezember 2023 rief er auf dem COP28-Klimagipfel die f\u00fchrenden Politiker der Welt dazu auf, einen Durchbruch im Kampf gegen die globale Erw\u00e4rmung zu erzielen: <em>\u201eBr\u00fcder und Schwestern, es ist wichtig, dass es einen Durchbruch gibt, der nicht nur ein partieller Kurswechsel ist, sondern ein neuer Weg, um gemeinsam Fortschritte zu erzielen.\u201c<\/em><\/p>\n\n<div style=\"text-align: center;\">\n\n<script>!function(r,u,m,b,l,e){r._Rumble=b,r[b]||(r[b]=function(){(r[b]._=r[b]._||[]).push(arguments);if(r[b]._.length==1){l=u.createElement(m),e=u.getElementsByTagName(m)[0],l.async=1,l.src=\"https:\/\/rumble.com\/embedJS\/uf1ws9\"+(arguments[1].video?'.'+arguments[1].video:'')+\"\/?url=\"+encodeURIComponent(location.href)+\"&args=\"+encodeURIComponent(JSON.stringify([].slice.apply(arguments))),e.parentNode.insertBefore(l,e)}})}(window, document, \"script\", \"Rumble\");<\/script>\n<div id=\"rumble_v476fqu\"><\/div>\n<script>\nRumble(\"play\", {\"video\":\"v476fqu\",\"div\":\"rumble_v476fqu\"});<\/script>\n\n<\/div>\n\n<p style=\"text-align: center;\"><em><strong><span style=\"color: #170000;\">Sehen Sie dieses Video auf:<\/span> <span style=\"color: #800000;\"><a href=\"https:\/\/rumble.com\/v49rqy3-apostel-der-erwrmung.html\">https:\/\/rumble.com\/v49rqy3-apostel-der-erwrmung.html<\/a>\u00a0 \u00a0<\/span><\/strong><\/em>\n<span style=\"color: #800000;\"><em><strong><a href=\"https:\/\/youtu.be\/HHwOeBae8ac\">https:\/\/youtu.be\/HHwOeBae8ac<\/a>\u00a0 \u00a0 \u00a0<\/strong><\/em><\/span><span style=\"color: #800000;\"><em><strong><a href=\"https:\/\/cos.tv\/videos\/play\/50336964595454976\">https:\/\/cos.tv\/videos\/play\/50336964595454976<\/a>\u00a0\u00a0<\/strong><\/em><\/span>\n<span style=\"color: #800000;\"><em><strong><a href=\"https:\/\/ugetube.com\/watch\/kC1DLQqHQVWM2c1\">https:\/\/ugetube.com\/watch\/kC1DLQqHQVWM2c1<\/a>\u00a0 \u00a0<\/strong><\/em><\/span>\n<span style=\"color: #800000;\"><em><strong><a href=\"https:\/\/www.bitchute.com\/video\/iX7GUsL23CWn\/\">https:\/\/www.bitchute.com\/video\/iX7GUsL23CWn\/<\/a>\u00a0 \u00a0<\/strong><\/em><\/span><\/p>\n<\/div><\/div><\/div><\/div><\/div><\/section><\/div><\/div><br><a class=\"btn btn-theme post-btn\" href=\"https:\/\/vkpatriarhat.org\/de\/bergoglio-erwarmung\/\">\u0427\u0438\u0442\u0430\u0442\u0438 \u0434\u0430\u043b\u0456<\/a>","protected":false},"excerpt":{"rendered":"<p>Seit seinem ung\u00fcltigen Amtsantritt im Jahr 2013 hat Bergoglio neben der F\u00f6rderung der Sodomie auch die Klimahysterie und den Umweltextremismus in den Mittelpunkt seines ung\u00fcltigen Pontifikats gestellt. Im Jahr 2015 schrieb er die Enzyklika Laudato si, ein Manifest der ganzheitlichen \u00d6kologie. Am 4.\u00a0Oktober 2023 ver\u00f6ffentlichte er einen neuen Text zum Thema Klima mit dem Titel [&hellip;]<\/p>\n","protected":false},"author":1,"featured_media":24911,"comment_status":"closed","ping_status":"closed","sticky":false,"template":"","format":"standard","meta":{"ngg_post_thumbnail":0},"categories":[40,85],"tags":[],"_links":{"self":[{"href":"https:\/\/vkpatriarhat.org\/de\/wp-json\/wp\/v2\/posts\/24901"}],"collection":[{"href":"https:\/\/vkpatriarhat.org\/de\/wp-json\/wp\/v2\/posts"}],"about":[{"href":"https:\/\/vkpatriarhat.org\/de\/wp-json\/wp\/v2\/types\/post"}],"author":[{"embeddable":true,"href":"https:\/\/vkpatriarhat.org\/de\/wp-json\/wp\/v2\/users\/1"}],"replies":[{"embeddable":true,"href":"https:\/\/vkpatriarhat.org\/de\/wp-json\/wp\/v2\/comments?post=24901"}],"version-history":[{"count":23,"href":"https:\/\/vkpatriarhat.org\/de\/wp-json\/wp\/v2\/posts\/24901\/revisions"}],"predecessor-version":[{"id":26041,"href":"https:\/\/vkpatriarhat.org\/de\/wp-json\/wp\/v2\/posts\/24901\/revisions\/26041"}],"wp:featuredmedia":[{"embeddable":true,"href":"https:\/\/vkpatriarhat.org\/de\/wp-json\/wp\/v2\/media\/24911"}],"wp:attachment":[{"href":"https:\/\/vkpatriarhat.org\/de\/wp-json\/wp\/v2\/media?parent=24901"}],"wp:term":[{"taxonomy":"category","embeddable":true,"href":"https:\/\/vkpatriarhat.org\/de\/wp-json\/wp\/v2\/categories?post=24901"},{"taxonomy":"post_tag","embeddable":true,"href":"https:\/\/vkpatriarhat.org\/de\/wp-json\/wp\/v2\/tags?post=24901"}],"curies":[{"name":"wp","href":"https:\/\/api.w.org\/{rel}","templated":true}]}}