{"id":24851,"date":"2024-01-15T16:56:03","date_gmt":"2024-01-15T13:56:03","guid":{"rendered":"https:\/\/vkpatriarhat.org\/de\/?p=24851"},"modified":"2024-11-29T12:43:18","modified_gmt":"2024-11-29T09:43:18","slug":"theologe-der-frau","status":"publish","type":"post","link":"https:\/\/vkpatriarhat.org\/de\/theologe-der-frau\/","title":{"rendered":"BKP: Der Pseudopapst Jorge Bergoglio, Theologe der Frau (von Offenbarung 17,3-6)"},"content":{"rendered":"\t\t<div data-elementor-type=\"wp-post\" data-elementor-id=\"24851\" class=\"elementor elementor-24851\" data-elementor-settings=\"[]\">\n\t\t\t\t\t\t\t<div class=\"elementor-section-wrap\">\n\t\t\t\t\t\t\t<section class=\"elementor-section elementor-top-section elementor-element elementor-element-2e6e4794 elementor-section-boxed elementor-section-height-default elementor-section-height-default\" data-id=\"2e6e4794\" data-element_type=\"section\">\n\t\t\t\t\t\t<div class=\"elementor-container elementor-column-gap-default\">\n\t\t\t\t\t<div class=\"elementor-column elementor-col-100 elementor-top-column elementor-element elementor-element-742b4e17\" data-id=\"742b4e17\" data-element_type=\"column\">\n\t\t\t<div class=\"elementor-widget-wrap elementor-element-populated\">\n\t\t\t\t\t\t\t\t<div class=\"elementor-element elementor-element-64a41161 elementor-widget elementor-widget-text-editor\" data-id=\"64a41161\" data-element_type=\"widget\" data-widget_type=\"text-editor.default\">\n\t\t\t\t<div class=\"elementor-widget-container\">\n\t\t\t<style>\/*! elementor - v3.5.5 - 03-02-2022 *\/\n.elementor-widget-text-editor.elementor-drop-cap-view-stacked .elementor-drop-cap{background-color:#818a91;color:#fff}.elementor-widget-text-editor.elementor-drop-cap-view-framed .elementor-drop-cap{color:#818a91;border:3px solid;background-color:transparent}.elementor-widget-text-editor:not(.elementor-drop-cap-view-default) .elementor-drop-cap{margin-top:8px}.elementor-widget-text-editor:not(.elementor-drop-cap-view-default) .elementor-drop-cap-letter{width:1em;height:1em}.elementor-widget-text-editor .elementor-drop-cap{float:left;text-align:center;line-height:1;font-size:50px}.elementor-widget-text-editor .elementor-drop-cap-letter{display:inline-block}<\/style>\t\t\t\t<p style=\"text-align: justify;\">Am Donnerstag, den 30. November, empfing der Pseudopapst die Mitglieder der Internationalen Theologischen Kommission. Er betonte bewusst, dass es ihm nicht gefalle, dass unter ihnen nur f\u00fcnf Frauen seien, und f\u00fcgte hinzu: <em>\u201eDie Frauen haben eine andere theologische Reflexionsf\u00e4higkeit\u2026\u201c<\/em><\/p><p style=\"text-align: justify;\">Bergoglio hat die sch\u00e4dliche Feminisierung in Schl\u00fcsselpositionen innerhalb der Kirche bewusst vorangetrieben, obwohl sie bereits katastrophale Folgen f\u00fcr die Gesellschaft sowie f\u00fcr die Frauen und Familien selbst auf der ganzen Welt gehabt hat.<\/p><div style=\"text-align: center;\"><p><script>!function(r,u,m,b,l,e){r._Rumble=b,r[b]||(r[b]=function(){(r[b]._=r[b]._||[]).push(arguments);if(r[b]._.length==1){l=u.createElement(m),e=u.getElementsByTagName(m)[0],l.async=1,l.src=\"https:\/\/rumble.com\/embedJS\/uf1ws9\"+(arguments[1].video?'.'+arguments[1].video:'')+\"\/?url=\"+encodeURIComponent(location.href)+\"&args=\"+encodeURIComponent(JSON.stringify([].slice.apply(arguments))),e.parentNode.insertBefore(l,e)}})}(window, document, \"script\", \"Rumble\");<\/script><\/p><div id=\"rumble_v44icpu\">\u00a0<\/div><p><script>\nRumble(\"play\", {\"video\":\"v44icpu\",\"div\":\"rumble_v44icpu\"});<\/script><\/p><\/div><p style=\"text-align: center;\"><em><strong>Sehen Sie dieses Video auf: <a href=\"https:\/\/rumble.com\/v473ogo-theologe-der-frau.html\">https:\/\/rumble.com\/v473ogo-theologe-der-frau.html<\/a>\u00a0<\/strong><\/em><br \/><em><strong><a href=\"https:\/\/ugetube.com\/watch\/jdmaG42CF5puGMQ\">https:\/\/ugetube.com\/watch\/jdmaG42CF5puGMQ<\/a>\u00a0 \u00a0<\/strong><\/em><br \/><em><strong><a href=\"https:\/\/youtu.be\/Y8-sjgmpk7c\">https:\/\/youtu.be\/Y8-sjgmpk7c<\/a>\u00a0 \u00a0<\/strong><\/em><em><strong><a href=\"https:\/\/cos.tv\/videos\/play\/50013373379679232\">https:\/\/cos.tv\/videos\/play\/50013373379679232<\/a>\u00a0\u00a0<\/strong><\/em><br \/><em><strong><a href=\"https:\/\/www.bitchute.com\/video\/P1vtFmhImYex\/\">https:\/\/www.bitchute.com\/video\/P1vtFmhImYex\/<\/a>\u00a0 \u00a0<\/strong><\/em><\/p><p><\/p><\/div><\/div><\/div><\/div><\/div><\/section><\/div><\/div><br><a class=\"btn btn-theme post-btn\" href=\"https:\/\/vkpatriarhat.org\/de\/theologe-der-frau\/\">\u0427\u0438\u0442\u0430\u0442\u0438 \u0434\u0430\u043b\u0456<\/a>","protected":false},"excerpt":{"rendered":"<p>Am Donnerstag, den 30. November, empfing der Pseudopapst die Mitglieder der Internationalen Theologischen Kommission. Er betonte bewusst, dass es ihm nicht gefalle, dass unter ihnen nur f\u00fcnf Frauen seien, und f\u00fcgte hinzu: \u201eDie Frauen haben eine andere theologische Reflexionsf\u00e4higkeit\u2026\u201c Bergoglio hat die sch\u00e4dliche Feminisierung in Schl\u00fcsselpositionen innerhalb der Kirche bewusst vorangetrieben, obwohl sie bereits katastrophale [&hellip;]<\/p>\n","protected":false},"author":1,"featured_media":24852,"comment_status":"closed","ping_status":"closed","sticky":false,"template":"","format":"standard","meta":{"ngg_post_thumbnail":0},"categories":[85],"tags":[],"_links":{"self":[{"href":"https:\/\/vkpatriarhat.org\/de\/wp-json\/wp\/v2\/posts\/24851"}],"collection":[{"href":"https:\/\/vkpatriarhat.org\/de\/wp-json\/wp\/v2\/posts"}],"about":[{"href":"https:\/\/vkpatriarhat.org\/de\/wp-json\/wp\/v2\/types\/post"}],"author":[{"embeddable":true,"href":"https:\/\/vkpatriarhat.org\/de\/wp-json\/wp\/v2\/users\/1"}],"replies":[{"embeddable":true,"href":"https:\/\/vkpatriarhat.org\/de\/wp-json\/wp\/v2\/comments?post=24851"}],"version-history":[{"count":10,"href":"https:\/\/vkpatriarhat.org\/de\/wp-json\/wp\/v2\/posts\/24851\/revisions"}],"predecessor-version":[{"id":26057,"href":"https:\/\/vkpatriarhat.org\/de\/wp-json\/wp\/v2\/posts\/24851\/revisions\/26057"}],"wp:featuredmedia":[{"embeddable":true,"href":"https:\/\/vkpatriarhat.org\/de\/wp-json\/wp\/v2\/media\/24852"}],"wp:attachment":[{"href":"https:\/\/vkpatriarhat.org\/de\/wp-json\/wp\/v2\/media?parent=24851"}],"wp:term":[{"taxonomy":"category","embeddable":true,"href":"https:\/\/vkpatriarhat.org\/de\/wp-json\/wp\/v2\/categories?post=24851"},{"taxonomy":"post_tag","embeddable":true,"href":"https:\/\/vkpatriarhat.org\/de\/wp-json\/wp\/v2\/tags?post=24851"}],"curies":[{"name":"wp","href":"https:\/\/api.w.org\/{rel}","templated":true}]}}