{"id":24542,"date":"2023-10-29T22:50:10","date_gmt":"2023-10-29T19:50:10","guid":{"rendered":"https:\/\/vkpatriarhat.org\/de\/?p=24542"},"modified":"2024-12-02T13:55:38","modified_gmt":"2024-12-02T10:55:38","slug":"ist-kardinal-besungu","status":"publish","type":"post","link":"https:\/\/vkpatriarhat.org\/de\/ist-kardinal-besungu\/","title":{"rendered":"BKP: Ist Kardinal Besungu aus dem Kongo ein Apostel Christi oder des Antichristen?"},"content":{"rendered":"\t\t<div data-elementor-type=\"wp-post\" data-elementor-id=\"24542\" class=\"elementor elementor-24542\" data-elementor-settings=\"[]\">\n\t\t\t\t\t\t\t<div class=\"elementor-section-wrap\">\n\t\t\t\t\t\t\t<section class=\"elementor-section elementor-top-section elementor-element elementor-element-318c16fa elementor-section-boxed elementor-section-height-default elementor-section-height-default\" data-id=\"318c16fa\" data-element_type=\"section\">\n\t\t\t\t\t\t<div class=\"elementor-container elementor-column-gap-default\">\n\t\t\t\t\t<div class=\"elementor-column elementor-col-100 elementor-top-column elementor-element elementor-element-1486d016\" data-id=\"1486d016\" data-element_type=\"column\">\n\t\t\t<div class=\"elementor-widget-wrap elementor-element-populated\">\n\t\t\t\t\t\t\t\t<div class=\"elementor-element elementor-element-69d13102 elementor-widget elementor-widget-text-editor\" data-id=\"69d13102\" data-element_type=\"widget\" data-widget_type=\"text-editor.default\">\n\t\t\t\t<div class=\"elementor-widget-container\">\n\t\t\t<style>\/*! elementor - v3.5.5 - 03-02-2022 *\/\n.elementor-widget-text-editor.elementor-drop-cap-view-stacked .elementor-drop-cap{background-color:#818a91;color:#fff}.elementor-widget-text-editor.elementor-drop-cap-view-framed .elementor-drop-cap{color:#818a91;border:3px solid;background-color:transparent}.elementor-widget-text-editor:not(.elementor-drop-cap-view-default) .elementor-drop-cap{margin-top:8px}.elementor-widget-text-editor:not(.elementor-drop-cap-view-default) .elementor-drop-cap-letter{width:1em;height:1em}.elementor-widget-text-editor .elementor-drop-cap{float:left;text-align:center;line-height:1;font-size:50px}.elementor-widget-text-editor .elementor-drop-cap-letter{display:inline-block}<\/style>\t\t\t\t<p style=\"text-align: justify;\">Kardinal Ambongo Besungu aus der Demokratischen Republik Kongo ist Mitglied des Kardinalsrats, Bergoglios engsten Vertrauten bei der F\u00f6rderung der globalistischen Agenda. Dazu geh\u00f6ren die LGBTQ-Agenda, die mit der Gender-Ideologie und der Sexualisierung von Kindern verbunden ist, aber auch die Entstehung von Pseudopandemien, die Kampagne f\u00fcr experimentelle Impfungen, der sogenannte Klimawandel mit dem Ziel der Bev\u00f6lkerungsreduzierung usw. Bergoglio und seine engsten Mitarbeiter missbrauchen heimlich die Kirchenleitung, um Farbrevolutionen in einzelnen Nationen zu f\u00f6rdern. Besungu hat sich im Jahr 2016 im Kongo so sehr und so vehement engagiert, dass er wegen seiner verr\u00e4terischen Aktivit\u00e4ten mit dem Tod bedroht wurde. Dieser Kardinal Besungu nahm auch an der Synodenpressekonferenz im Vatikan am 7. Oktober 2023 teil.<\/p><div style=\"text-align: center;\"><p><script>!function(r,u,m,b,l,e){r._Rumble=b,r[b]||(r[b]=function(){(r[b]._=r[b]._||[]).push(arguments);if(r[b]._.length==1){l=u.createElement(m),e=u.getElementsByTagName(m)[0],l.async=1,l.src=\"https:\/\/rumble.com\/embedJS\/uf1ws9\"+(arguments[1].video?'.'+arguments[1].video:'')+\"\/?url=\"+encodeURIComponent(location.href)+\"&args=\"+encodeURIComponent(JSON.stringify([].slice.apply(arguments))),e.parentNode.insertBefore(l,e)}})}(window, document, \"script\", \"Rumble\");<\/script><\/p><div id=\"rumble_v3put7a\">\u00a0<\/div><p><script>\nRumble(\"play\", {\"video\":\"v3put7a\",\"div\":\"rumble_v3put7a\"});<\/script><\/p><\/div><p style=\"text-align: center;\"><em><strong><span style=\"color: #170000;\">Sehen Sie dieses Video auf:<\/span> <\/strong><\/em><span style=\"color: #800000;\"><em><strong><a href=\"https:\/\/rumble.com\/v3sg71y-kardinal-besungu.html\">https:\/\/rumble.com\/v3sg71y-kardinal-besungu.html<\/a>\u00a0 \u00a0<\/strong><\/em><\/span><br \/><span style=\"color: #800000;\"><em><strong><a href=\"https:\/\/ugetube.com\/watch\/KeLyXJhnziiMOtO\">https:\/\/ugetube.com\/watch\/KeLyXJhnziiMOtO<\/a>\u00a0 \u00a0<\/strong><\/em><\/span><br \/><span style=\"color: #800000;\"><em><strong><a href=\"https:\/\/cos.tv\/videos\/play\/48250483099341824\">https:\/\/cos.tv\/videos\/play\/48250483099341824<\/a>\u00a0 \u00a0<\/strong><\/em><\/span><span style=\"color: #800000;\"><em><strong><a href=\"https:\/\/youtu.be\/zYrYx-sRStg\">https:\/\/youtu.be\/zYrYx-sRStg<\/a>\u00a0 \u00a0<\/strong><\/em><\/span><br \/><span style=\"color: #800000;\"><em><strong><a href=\"https:\/\/www.bitchute.com\/video\/aEoFWkYLXaPW\/\">https:\/\/www.bitchute.com\/video\/aEoFWkYLXaPW\/<\/a> \u00a0<\/strong><\/em><\/span><\/p><p><\/p><\/div><\/div><\/div><\/div><\/div><\/section><\/div><\/div><br><a class=\"btn btn-theme post-btn\" href=\"https:\/\/vkpatriarhat.org\/de\/ist-kardinal-besungu\/\">\u0427\u0438\u0442\u0430\u0442\u0438 \u0434\u0430\u043b\u0456<\/a>","protected":false},"excerpt":{"rendered":"<p>Kardinal Ambongo Besungu aus der Demokratischen Republik Kongo ist Mitglied des Kardinalsrats, Bergoglios engsten Vertrauten bei der F\u00f6rderung der globalistischen Agenda. Dazu geh\u00f6ren die LGBTQ-Agenda, die mit der Gender-Ideologie und der Sexualisierung von Kindern verbunden ist, aber auch die Entstehung von Pseudopandemien, die Kampagne f\u00fcr experimentelle Impfungen, der sogenannte Klimawandel mit dem Ziel der Bev\u00f6lkerungsreduzierung [&hellip;]<\/p>\n","protected":false},"author":1,"featured_media":24545,"comment_status":"closed","ping_status":"closed","sticky":false,"template":"","format":"standard","meta":{"ngg_post_thumbnail":0},"categories":[40,85],"tags":[],"_links":{"self":[{"href":"https:\/\/vkpatriarhat.org\/de\/wp-json\/wp\/v2\/posts\/24542"}],"collection":[{"href":"https:\/\/vkpatriarhat.org\/de\/wp-json\/wp\/v2\/posts"}],"about":[{"href":"https:\/\/vkpatriarhat.org\/de\/wp-json\/wp\/v2\/types\/post"}],"author":[{"embeddable":true,"href":"https:\/\/vkpatriarhat.org\/de\/wp-json\/wp\/v2\/users\/1"}],"replies":[{"embeddable":true,"href":"https:\/\/vkpatriarhat.org\/de\/wp-json\/wp\/v2\/comments?post=24542"}],"version-history":[{"count":10,"href":"https:\/\/vkpatriarhat.org\/de\/wp-json\/wp\/v2\/posts\/24542\/revisions"}],"predecessor-version":[{"id":26096,"href":"https:\/\/vkpatriarhat.org\/de\/wp-json\/wp\/v2\/posts\/24542\/revisions\/26096"}],"wp:featuredmedia":[{"embeddable":true,"href":"https:\/\/vkpatriarhat.org\/de\/wp-json\/wp\/v2\/media\/24545"}],"wp:attachment":[{"href":"https:\/\/vkpatriarhat.org\/de\/wp-json\/wp\/v2\/media?parent=24542"}],"wp:term":[{"taxonomy":"category","embeddable":true,"href":"https:\/\/vkpatriarhat.org\/de\/wp-json\/wp\/v2\/categories?post=24542"},{"taxonomy":"post_tag","embeddable":true,"href":"https:\/\/vkpatriarhat.org\/de\/wp-json\/wp\/v2\/tags?post=24542"}],"curies":[{"name":"wp","href":"https:\/\/api.w.org\/{rel}","templated":true}]}}