{"id":24447,"date":"2023-10-06T18:26:34","date_gmt":"2023-10-06T15:26:34","guid":{"rendered":"https:\/\/vkpatriarhat.org\/de\/?p=24447"},"modified":"2024-12-02T16:30:25","modified_gmt":"2024-12-02T13:30:25","slug":"erklarung-des-bischofskollegiums","status":"publish","type":"post","link":"https:\/\/vkpatriarhat.org\/de\/erklarung-des-bischofskollegiums\/","title":{"rendered":"Erkl\u00e4rung des Bischofskollegiums der Tschechischen Republik und der Slowakei zu aktuellen Themen"},"content":{"rendered":"\t\t<div data-elementor-type=\"wp-post\" data-elementor-id=\"24447\" class=\"elementor elementor-24447\" data-elementor-settings=\"[]\">\n\t\t\t\t\t\t\t<div class=\"elementor-section-wrap\">\n\t\t\t\t\t\t\t<section class=\"elementor-section elementor-top-section elementor-element elementor-element-3caf7716 elementor-section-boxed elementor-section-height-default elementor-section-height-default\" data-id=\"3caf7716\" data-element_type=\"section\">\n\t\t\t\t\t\t<div class=\"elementor-container elementor-column-gap-default\">\n\t\t\t\t\t<div class=\"elementor-column elementor-col-100 elementor-top-column elementor-element elementor-element-48113a84\" data-id=\"48113a84\" data-element_type=\"column\">\n\t\t\t<div class=\"elementor-widget-wrap elementor-element-populated\">\n\t\t\t\t\t\t\t\t<div class=\"elementor-element elementor-element-770800bb elementor-widget elementor-widget-text-editor\" data-id=\"770800bb\" data-element_type=\"widget\" data-widget_type=\"text-editor.default\">\n\t\t\t\t<div class=\"elementor-widget-container\">\n\t\t\t<style>\/*! elementor - v3.5.5 - 03-02-2022 *\/\n.elementor-widget-text-editor.elementor-drop-cap-view-stacked .elementor-drop-cap{background-color:#818a91;color:#fff}.elementor-widget-text-editor.elementor-drop-cap-view-framed .elementor-drop-cap{color:#818a91;border:3px solid;background-color:transparent}.elementor-widget-text-editor:not(.elementor-drop-cap-view-default) .elementor-drop-cap{margin-top:8px}.elementor-widget-text-editor:not(.elementor-drop-cap-view-default) .elementor-drop-cap-letter{width:1em;height:1em}.elementor-widget-text-editor .elementor-drop-cap{float:left;text-align:center;line-height:1;font-size:50px}.elementor-widget-text-editor .elementor-drop-cap-letter{display:inline-block}<\/style>\t\t\t\t<p style=\"text-align: center;\"><span style=\"color: #420101;\"><em><strong>Von den Bisch\u00f6fen des BKP vorbereiteter Entwurf<\/strong><\/em><\/span><\/p><p style=\"text-align: justify;\">Wir, die emeritierten Bisch\u00f6fe der Tschechischen Republik und der Slowakei, sind uns der tiefen Krise im Bereich des Glaubens und der Moral sowie der Tatsache bewusst, dass der derzeitige Papst Franziskus das Anathema Gottes auf sich gezogen hat, indem er die grundlegendsten Normen verletzt hat, auf denen die Kirche steht oder f\u00e4llt. Unter diesen Umst\u00e4nden wird die territoriale Verantwortung f\u00fcr die Kirche automatisch an das orthodoxe Bischofskollegium \u00fcbertragen.<\/p><div style=\"text-align: center;\"><p><script>!function(r,u,m,b,l,e){r._Rumble=b,r[b]||(r[b]=function(){(r[b]._=r[b]._||[]).push(arguments);if(r[b]._.length==1){l=u.createElement(m),e=u.getElementsByTagName(m)[0],l.async=1,l.src=\"https:\/\/rumble.com\/embedJS\/uf1ws9\"+(arguments[1].video?'.'+arguments[1].video:'')+\"\/?url=\"+encodeURIComponent(location.href)+\"&args=\"+encodeURIComponent(JSON.stringify([].slice.apply(arguments))),e.parentNode.insertBefore(l,e)}})}(window, document, \"script\", \"Rumble\");<\/script><\/p><div id=\"rumble_v3kste1\">\u00a0<\/div><p><script>\nRumble(\"play\", {\"video\":\"v3kste1\",\"div\":\"rumble_v3kste1\"});<\/script><\/p><\/div><p style=\"text-align: center;\"><em><strong><span style=\"color: #210101;\">Sehen Sie dieses Video auf:<\/span> <\/strong><\/em><span style=\"color: #800000;\"><em><strong><a href=\"https:\/\/rumble.com\/v3ne7cv-erklrung-des-bischofskollegiums.html\">https:\/\/rumble.com\/v3ne7cv-erklrung-des-bischofskollegiums.html<\/a>\u00a0 \u00a0<\/strong><\/em><\/span><br \/><span style=\"color: #800000;\"><em><strong><a href=\"https:\/\/cos.tv\/videos\/play\/47728924072120320\">https:\/\/cos.tv\/videos\/play\/47728924072120320<\/a>\u00a0 \u00a0<a href=\"https:\/\/youtu.be\/pCyhJRfTuec\">https:\/\/youtu.be\/pCyhJRfTuec<\/a>\u00a0 \u00a0<\/strong><\/em><\/span><br \/><span style=\"color: #800000;\"><em><strong><a href=\"https:\/\/ugetube.com\/watch\/scWcGXw3nXFbv2X\">https:\/\/ugetube.com\/watch\/scWcGXw3nXFbv2X<\/a>\u00a0 \u00a0<\/strong><\/em><\/span><br \/><span style=\"color: #800000;\"><em><strong><a href=\"https:\/\/www.bitchute.com\/video\/kNXAYnEn1AqU\/\">https:\/\/www.bitchute.com\/video\/kNXAYnEn1AqU\/<\/a>\u00a0 \u00a0<\/strong><\/em><\/span><\/p><p><\/p><\/div><\/div><\/div><\/div><\/div><\/section><\/div><\/div><br><a class=\"btn btn-theme post-btn\" href=\"https:\/\/vkpatriarhat.org\/de\/erklarung-des-bischofskollegiums\/\">\u0427\u0438\u0442\u0430\u0442\u0438 \u0434\u0430\u043b\u0456<\/a>","protected":false},"excerpt":{"rendered":"<p>Von den Bisch\u00f6fen des BKP vorbereiteter Entwurf Wir, die emeritierten Bisch\u00f6fe der Tschechischen Republik und der Slowakei, sind uns der tiefen Krise im Bereich des Glaubens und der Moral sowie der Tatsache bewusst, dass der derzeitige Papst Franziskus das Anathema Gottes auf sich gezogen hat, indem er die grundlegendsten Normen verletzt hat, auf denen die [&hellip;]<\/p>\n","protected":false},"author":1,"featured_media":24451,"comment_status":"closed","ping_status":"closed","sticky":false,"template":"","format":"standard","meta":{"ngg_post_thumbnail":0},"categories":[40,85],"tags":[],"_links":{"self":[{"href":"https:\/\/vkpatriarhat.org\/de\/wp-json\/wp\/v2\/posts\/24447"}],"collection":[{"href":"https:\/\/vkpatriarhat.org\/de\/wp-json\/wp\/v2\/posts"}],"about":[{"href":"https:\/\/vkpatriarhat.org\/de\/wp-json\/wp\/v2\/types\/post"}],"author":[{"embeddable":true,"href":"https:\/\/vkpatriarhat.org\/de\/wp-json\/wp\/v2\/users\/1"}],"replies":[{"embeddable":true,"href":"https:\/\/vkpatriarhat.org\/de\/wp-json\/wp\/v2\/comments?post=24447"}],"version-history":[{"count":12,"href":"https:\/\/vkpatriarhat.org\/de\/wp-json\/wp\/v2\/posts\/24447\/revisions"}],"predecessor-version":[{"id":26112,"href":"https:\/\/vkpatriarhat.org\/de\/wp-json\/wp\/v2\/posts\/24447\/revisions\/26112"}],"wp:featuredmedia":[{"embeddable":true,"href":"https:\/\/vkpatriarhat.org\/de\/wp-json\/wp\/v2\/media\/24451"}],"wp:attachment":[{"href":"https:\/\/vkpatriarhat.org\/de\/wp-json\/wp\/v2\/media?parent=24447"}],"wp:term":[{"taxonomy":"category","embeddable":true,"href":"https:\/\/vkpatriarhat.org\/de\/wp-json\/wp\/v2\/categories?post=24447"},{"taxonomy":"post_tag","embeddable":true,"href":"https:\/\/vkpatriarhat.org\/de\/wp-json\/wp\/v2\/tags?post=24447"}],"curies":[{"name":"wp","href":"https:\/\/api.w.org\/{rel}","templated":true}]}}