{"id":23217,"date":"2023-05-04T11:54:14","date_gmt":"2023-05-04T08:54:14","guid":{"rendered":"https:\/\/vkpatriarhat.org\/de\/?p=23217"},"modified":"2024-12-02T17:43:35","modified_gmt":"2024-12-02T14:43:35","slug":"ein-historischer-schritt","status":"publish","type":"post","link":"https:\/\/vkpatriarhat.org\/de\/ein-historischer-schritt\/","title":{"rendered":"BKP: Ein historischer Schritt zur Rettung der Kirche"},"content":{"rendered":"\t\t<div data-elementor-type=\"wp-post\" data-elementor-id=\"23217\" class=\"elementor elementor-23217\" data-elementor-settings=\"[]\">\n\t\t\t\t\t\t\t<div class=\"elementor-section-wrap\">\n\t\t\t\t\t\t\t<section class=\"elementor-section elementor-top-section elementor-element elementor-element-7984f7e6 elementor-section-boxed elementor-section-height-default elementor-section-height-default\" data-id=\"7984f7e6\" data-element_type=\"section\">\n\t\t\t\t\t\t<div class=\"elementor-container elementor-column-gap-default\">\n\t\t\t\t\t<div class=\"elementor-column elementor-col-100 elementor-top-column elementor-element elementor-element-3faee965\" data-id=\"3faee965\" data-element_type=\"column\">\n\t\t\t<div class=\"elementor-widget-wrap elementor-element-populated\">\n\t\t\t\t\t\t\t\t<div class=\"elementor-element elementor-element-4733bf03 elementor-widget elementor-widget-text-editor\" data-id=\"4733bf03\" data-element_type=\"widget\" data-widget_type=\"text-editor.default\">\n\t\t\t\t<div class=\"elementor-widget-container\">\n\t\t\t<style>\/*! elementor - v3.5.5 - 03-02-2022 *\/\n.elementor-widget-text-editor.elementor-drop-cap-view-stacked .elementor-drop-cap{background-color:#818a91;color:#fff}.elementor-widget-text-editor.elementor-drop-cap-view-framed .elementor-drop-cap{color:#818a91;border:3px solid;background-color:transparent}.elementor-widget-text-editor:not(.elementor-drop-cap-view-default) .elementor-drop-cap{margin-top:8px}.elementor-widget-text-editor:not(.elementor-drop-cap-view-default) .elementor-drop-cap-letter{width:1em;height:1em}.elementor-widget-text-editor .elementor-drop-cap{float:left;text-align:center;line-height:1;font-size:50px}.elementor-widget-text-editor .elementor-drop-cap-letter{display:inline-block}<\/style>\t\t\t\t<p style=\"text-align: justify;\">Am 31. M\u00e4rz 2023 wurde die kontinentale Phase der Synode zur Synodalit\u00e4t abgeschlossen. Am 30. September 2023 soll im Rahmen dieses selbstm\u00f6rderischen Prozesses eine weltweite Versammlung im Vatikan er\u00f6ffnet werden. Der Initiator der Synode ist ein fanatischer Bef\u00fcrworter von Sodomie und anderen moralischen Perversionen. Die offiziellen Dokumente von Bergoglios Synode verwenden und akzeptieren voll und ganz das Akronym LGBTQ, obwohl der Buchstabe Q sogar die schlimmsten sexuellen Perversionen abdeckt, die mit den schwersten Verbrechen in Verbindung gebracht werden.<\/p><div style=\"text-align: center;\"><p><script>!function(r,u,m,b,l,e){r._Rumble=b,r[b]||(r[b]=function(){(r[b]._=r[b]._||[]).push(arguments);if(r[b]._.length==1){l=u.createElement(m),e=u.getElementsByTagName(m)[0],l.async=1,l.src=\"https:\/\/rumble.com\/embedJS\/uf1ws9\"+(arguments[1].video?'.'+arguments[1].video:'')+\"\/?url=\"+encodeURIComponent(location.href)+\"&args=\"+encodeURIComponent(JSON.stringify([].slice.apply(arguments))),e.parentNode.insertBefore(l,e)}})}(window, document, \"script\", \"Rumble\");<\/script><\/p><div id=\"rumble_v2jd04s\">\u00a0<\/div><p><script>\nRumble(\"play\", {\"video\":\"v2jd04s\",\"div\":\"rumble_v2jd04s\"});<\/script><\/p><\/div><p style=\"text-align: center;\"><em><strong><span style=\"color: #080000;\">Sehen Sie dieses Video auf: <\/span><\/strong><\/em><span style=\"color: #800000;\"><em><strong><a href=\"https:\/\/rumble.com\/v2lyfms-schritt.html\">https:\/\/rumble.com\/v2lyfms-schritt.html<\/a>\u00a0 \u00a0<\/strong><\/em><\/span><br \/><span style=\"color: #800000;\"><em><strong><a href=\"https:\/\/ugetube.com\/watch\/vd7MjwXdhOtQSiz\">https:\/\/ugetube.com\/watch\/vd7MjwXdhOtQSiz<\/a>\u00a0 \u00a0<\/strong><\/em><\/span><br \/><span style=\"color: #800000;\"><em><strong><a href=\"https:\/\/cos.tv\/videos\/play\/44211938898252800\">https:\/\/cos.tv\/videos\/play\/44211938898252800<\/a>\u00a0 \u00a0<\/strong><\/em><\/span><br \/><span style=\"color: #800000;\"><em><strong><a href=\"https:\/\/www.bitchute.com\/video\/AJUhLKx97lYS\/\">https:\/\/www.bitchute.com\/video\/AJUhLKx97lYS\/<\/a>\u00a0 \u00a0<\/strong><\/em><\/span><\/p><p><\/p><\/div><\/div><\/div><\/div><\/div><\/section><\/div><\/div><br><a class=\"btn btn-theme post-btn\" href=\"https:\/\/vkpatriarhat.org\/de\/ein-historischer-schritt\/\">\u0427\u0438\u0442\u0430\u0442\u0438 \u0434\u0430\u043b\u0456<\/a>","protected":false},"excerpt":{"rendered":"<p>Am 31. M\u00e4rz 2023 wurde die kontinentale Phase der Synode zur Synodalit\u00e4t abgeschlossen. Am 30. September 2023 soll im Rahmen dieses selbstm\u00f6rderischen Prozesses eine weltweite Versammlung im Vatikan er\u00f6ffnet werden. Der Initiator der Synode ist ein fanatischer Bef\u00fcrworter von Sodomie und anderen moralischen Perversionen. Die offiziellen Dokumente von Bergoglios Synode verwenden und akzeptieren voll und [&hellip;]<\/p>\n","protected":false},"author":1,"featured_media":23218,"comment_status":"closed","ping_status":"closed","sticky":false,"template":"","format":"standard","meta":{"ngg_post_thumbnail":0},"categories":[85],"tags":[],"_links":{"self":[{"href":"https:\/\/vkpatriarhat.org\/de\/wp-json\/wp\/v2\/posts\/23217"}],"collection":[{"href":"https:\/\/vkpatriarhat.org\/de\/wp-json\/wp\/v2\/posts"}],"about":[{"href":"https:\/\/vkpatriarhat.org\/de\/wp-json\/wp\/v2\/types\/post"}],"author":[{"embeddable":true,"href":"https:\/\/vkpatriarhat.org\/de\/wp-json\/wp\/v2\/users\/1"}],"replies":[{"embeddable":true,"href":"https:\/\/vkpatriarhat.org\/de\/wp-json\/wp\/v2\/comments?post=23217"}],"version-history":[{"count":10,"href":"https:\/\/vkpatriarhat.org\/de\/wp-json\/wp\/v2\/posts\/23217\/revisions"}],"predecessor-version":[{"id":26167,"href":"https:\/\/vkpatriarhat.org\/de\/wp-json\/wp\/v2\/posts\/23217\/revisions\/26167"}],"wp:featuredmedia":[{"embeddable":true,"href":"https:\/\/vkpatriarhat.org\/de\/wp-json\/wp\/v2\/media\/23218"}],"wp:attachment":[{"href":"https:\/\/vkpatriarhat.org\/de\/wp-json\/wp\/v2\/media?parent=23217"}],"wp:term":[{"taxonomy":"category","embeddable":true,"href":"https:\/\/vkpatriarhat.org\/de\/wp-json\/wp\/v2\/categories?post=23217"},{"taxonomy":"post_tag","embeddable":true,"href":"https:\/\/vkpatriarhat.org\/de\/wp-json\/wp\/v2\/tags?post=23217"}],"curies":[{"name":"wp","href":"https:\/\/api.w.org\/{rel}","templated":true}]}}