{"id":22771,"date":"2023-01-30T20:56:02","date_gmt":"2023-01-30T17:56:02","guid":{"rendered":"https:\/\/vkpatriarhat.org\/de\/?p=22771"},"modified":"2024-12-02T18:05:06","modified_gmt":"2024-12-02T15:05:06","slug":"gebetsmobilisierung","status":"publish","type":"post","link":"https:\/\/vkpatriarhat.org\/de\/gebetsmobilisierung\/","title":{"rendered":"BKP: Nur eine Gebetsmobilisierung wird verhindern, dass die Bergoglianische Sekte einen Fluch auf Prag und auf den europ\u00e4ischen Kontinent herabkommen l\u00e4sst"},"content":{"rendered":"\t\t<div data-elementor-type=\"wp-post\" data-elementor-id=\"22771\" class=\"elementor elementor-22771\" data-elementor-settings=\"[]\">\n\t\t\t\t\t\t\t<div class=\"elementor-section-wrap\">\n\t\t\t\t\t\t\t<section class=\"elementor-section elementor-top-section elementor-element elementor-element-2a9a17f0 elementor-section-boxed elementor-section-height-default elementor-section-height-default\" data-id=\"2a9a17f0\" data-element_type=\"section\">\n\t\t\t\t\t\t<div class=\"elementor-container elementor-column-gap-default\">\n\t\t\t\t\t<div class=\"elementor-column elementor-col-100 elementor-top-column elementor-element elementor-element-5084b40\" data-id=\"5084b40\" data-element_type=\"column\">\n\t\t\t<div class=\"elementor-widget-wrap elementor-element-populated\">\n\t\t\t\t\t\t\t\t<div class=\"elementor-element elementor-element-7eea1f5 elementor-widget elementor-widget-text-editor\" data-id=\"7eea1f5\" data-element_type=\"widget\" data-widget_type=\"text-editor.default\">\n\t\t\t\t<div class=\"elementor-widget-container\">\n\t\t\t<style>\/*! elementor - v3.5.5 - 03-02-2022 *\/\n.elementor-widget-text-editor.elementor-drop-cap-view-stacked .elementor-drop-cap{background-color:#818a91;color:#fff}.elementor-widget-text-editor.elementor-drop-cap-view-framed .elementor-drop-cap{color:#818a91;border:3px solid;background-color:transparent}.elementor-widget-text-editor:not(.elementor-drop-cap-view-default) .elementor-drop-cap{margin-top:8px}.elementor-widget-text-editor:not(.elementor-drop-cap-view-default) .elementor-drop-cap-letter{width:1em;height:1em}.elementor-widget-text-editor .elementor-drop-cap{float:left;text-align:center;line-height:1;font-size:50px}.elementor-widget-text-editor .elementor-drop-cap-letter{display:inline-block}<\/style>\t\t\t\t<p style=\"text-align: justify;\">Liebe tschechische und m\u00e4hrische Bisch\u00f6fe und Priester,<\/p><p style=\"text-align: justify;\">Sie alle wissen, dass die sogenannte Kontinentalversammlung der Synode zur Synodalit\u00e4t 2021-2024 vom 5. bis 12. Februar in Prag geplant ist. Daran werden die LGBTQ-Promotoren von 39 europ\u00e4ischen Bischofskonferenzen teilnehmen. Ihre konzelebrierte Messe wird am 8. Februar um 18 Uhr im Prager Dom stattfinden.<\/p><div style=\"text-align: center;\"><p><script>!function(r,u,m,b,l,e){r._Rumble=b,r[b]||(r[b]=function(){(r[b]._=r[b]._||[]).push(arguments);if(r[b]._.length==1){l=u.createElement(m),e=u.getElementsByTagName(m)[0],l.async=1,l.src=\"https:\/\/rumble.com\/embedJS\/uf1ws9\"+(arguments[1].video?'.'+arguments[1].video:'')+\"\/?url=\"+encodeURIComponent(location.href)+\"&args=\"+encodeURIComponent(JSON.stringify([].slice.apply(arguments))),e.parentNode.insertBefore(l,e)}})}(window, document, \"script\", \"Rumble\");<\/script><\/p><div id=\"rumble_v254kps\">\u00a0<\/div><p><script>\nRumble(\"play\", {\"video\":\"v254kps\",\"div\":\"rumble_v254kps\"});<\/script><\/p><\/div><p style=\"text-align: center;\"><em><strong><span style=\"color: #080000;\">Sehen Sie dieses Video auf:<\/span> <\/strong><\/em><span style=\"color: #800000;\"><em><strong><a href=\"https:\/\/rumble.com\/v27qi56-nur-eine-gebetsmobilisierung.html\">https:\/\/rumble.com\/v27qi56-nur-eine-gebetsmobilisierung.html<\/a>\u00a0 \u00a0<\/strong><\/em><\/span><br \/><span style=\"color: #800000;\"><em><strong><a href=\"https:\/\/ugetube.com\/watch\/GYPJBX1VDZPJjuq\">https:\/\/ugetube.com\/watch\/GYPJBX1VDZPJjuq<\/a>\u00a0 \u00a0<\/strong><\/em><\/span><br \/><span style=\"color: #800000;\"><em><strong><a href=\"https:\/\/cos.tv\/videos\/play\/42090635602203648\">https:\/\/cos.tv\/videos\/play\/42090635602203648<\/a>\u00a0 \u00a0<\/strong><\/em><\/span><br \/><span style=\"color: #800000;\"><em><strong><a href=\"https:\/\/www.bitchute.com\/video\/3RoScMTPVxl9\/\">https:\/\/www.bitchute.com\/video\/3RoScMTPVxl9\/<\/a> \u00a0<\/strong><\/em><\/span><\/p><p><\/p><\/div><\/div><\/div><\/div><\/div><\/section><\/div><\/div><br><a class=\"btn btn-theme post-btn\" href=\"https:\/\/vkpatriarhat.org\/de\/gebetsmobilisierung\/\">\u0427\u0438\u0442\u0430\u0442\u0438 \u0434\u0430\u043b\u0456<\/a>","protected":false},"excerpt":{"rendered":"<p>Liebe tschechische und m\u00e4hrische Bisch\u00f6fe und Priester, Sie alle wissen, dass die sogenannte Kontinentalversammlung der Synode zur Synodalit\u00e4t 2021-2024 vom 5. bis 12. Februar in Prag geplant ist. Daran werden die LGBTQ-Promotoren von 39 europ\u00e4ischen Bischofskonferenzen teilnehmen. Ihre konzelebrierte Messe wird am 8. Februar um 18 Uhr im Prager Dom stattfinden. \u00a0 Sehen Sie dieses [&hellip;]<\/p>\n","protected":false},"author":1,"featured_media":22774,"comment_status":"closed","ping_status":"closed","sticky":false,"template":"","format":"standard","meta":{"ngg_post_thumbnail":0},"categories":[72,40],"tags":[],"_links":{"self":[{"href":"https:\/\/vkpatriarhat.org\/de\/wp-json\/wp\/v2\/posts\/22771"}],"collection":[{"href":"https:\/\/vkpatriarhat.org\/de\/wp-json\/wp\/v2\/posts"}],"about":[{"href":"https:\/\/vkpatriarhat.org\/de\/wp-json\/wp\/v2\/types\/post"}],"author":[{"embeddable":true,"href":"https:\/\/vkpatriarhat.org\/de\/wp-json\/wp\/v2\/users\/1"}],"replies":[{"embeddable":true,"href":"https:\/\/vkpatriarhat.org\/de\/wp-json\/wp\/v2\/comments?post=22771"}],"version-history":[{"count":11,"href":"https:\/\/vkpatriarhat.org\/de\/wp-json\/wp\/v2\/posts\/22771\/revisions"}],"predecessor-version":[{"id":26197,"href":"https:\/\/vkpatriarhat.org\/de\/wp-json\/wp\/v2\/posts\/22771\/revisions\/26197"}],"wp:featuredmedia":[{"embeddable":true,"href":"https:\/\/vkpatriarhat.org\/de\/wp-json\/wp\/v2\/media\/22774"}],"wp:attachment":[{"href":"https:\/\/vkpatriarhat.org\/de\/wp-json\/wp\/v2\/media?parent=22771"}],"wp:term":[{"taxonomy":"category","embeddable":true,"href":"https:\/\/vkpatriarhat.org\/de\/wp-json\/wp\/v2\/categories?post=22771"},{"taxonomy":"post_tag","embeddable":true,"href":"https:\/\/vkpatriarhat.org\/de\/wp-json\/wp\/v2\/tags?post=22771"}],"curies":[{"name":"wp","href":"https:\/\/api.w.org\/{rel}","templated":true}]}}