{"id":22727,"date":"2023-01-28T09:23:56","date_gmt":"2023-01-28T06:23:56","guid":{"rendered":"https:\/\/vkpatriarhat.org\/de\/?p=22727"},"modified":"2023-02-01T22:31:28","modified_gmt":"2023-02-01T19:31:28","slug":"bischofe-europas","status":"publish","type":"post","link":"https:\/\/vkpatriarhat.org\/de\/bischofe-europas\/","title":{"rendered":"BKP: Wenn einer der Vorsitzenden der Bischofskonferenzen am Prager Sabbat teilnimmt, wird er den Fluch Gottes \u00fcber die Kirche und ihre Nationen bringen"},"content":{"rendered":"\t\t<div data-elementor-type=\"wp-post\" data-elementor-id=\"22727\" class=\"elementor elementor-22727\" data-elementor-settings=\"[]\">\n\t\t\t\t\t\t\t<div class=\"elementor-section-wrap\">\n\t\t\t\t\t\t\t<section class=\"elementor-section elementor-top-section elementor-element elementor-element-560e0689 elementor-section-boxed elementor-section-height-default elementor-section-height-default\" data-id=\"560e0689\" data-element_type=\"section\">\n\t\t\t\t\t\t<div class=\"elementor-container elementor-column-gap-default\">\n\t\t\t\t\t<div class=\"elementor-column elementor-col-100 elementor-top-column elementor-element elementor-element-39ff7384\" data-id=\"39ff7384\" data-element_type=\"column\">\n\t\t\t<div class=\"elementor-widget-wrap elementor-element-populated\">\n\t\t\t\t\t\t\t\t<div class=\"elementor-element elementor-element-48850aee elementor-widget elementor-widget-text-editor\" data-id=\"48850aee\" data-element_type=\"widget\" data-widget_type=\"text-editor.default\">\n\t\t\t\t<div class=\"elementor-widget-container\">\n\t\t\t<style>\/*! elementor - v3.5.5 - 03-02-2022 *\/\n.elementor-widget-text-editor.elementor-drop-cap-view-stacked .elementor-drop-cap{background-color:#818a91;color:#fff}.elementor-widget-text-editor.elementor-drop-cap-view-framed .elementor-drop-cap{color:#818a91;border:3px solid;background-color:transparent}.elementor-widget-text-editor:not(.elementor-drop-cap-view-default) .elementor-drop-cap{margin-top:8px}.elementor-widget-text-editor:not(.elementor-drop-cap-view-default) .elementor-drop-cap-letter{width:1em;height:1em}.elementor-widget-text-editor .elementor-drop-cap{float:left;text-align:center;line-height:1;font-size:50px}.elementor-widget-text-editor .elementor-drop-cap-letter{display:inline-block}<\/style>\t\t\t\t<p>Liebe Bisch\u00f6fe Europas,<\/p><p>Wie Sie wissen, hat der Pseudo-Papst Franziskus Bergoglio f\u00fcr Sie, oder vielmehr f\u00fcr die Vorsitzenden Ihrer Bischofskonferenzen, im Rahmen der sogenannten kontinentalen Synode zur Synodalit\u00e4t ein verh\u00e4ngnisvolles Treffen in Prag geplant. Unter dieser edlen Bezeichnung verschleiert er die blasphemische Legalisierung sexueller LGBTQ-Perversionen durch die Kirche. Es ist eine offene Rebellion gegen Gott und Gottes Gesetze, die zeitliches und ewiges Feuer hervorruft (siehe Jud 1,7; 2\u00a0Pe 2,6). Aus dem gleichen Grund ziehen sich die Teilnehmer des Prager LGBTQ-Sabbats Gottes Anathema zu: Ausschluss aus der Kirche, gem\u00e4\u00df Gal 1,8-9. Eine noch gr\u00f6\u00dfere Trag\u00f6die ist, dass dieser Fluch gerade wegen der Teilnahme des Vorsitzenden der Bischofskonferenz auf die gesamte Ortskirche und auf die gesamte Nation f\u00e4llt. Es ist daher Ihre Pflicht, ihn daran zu hindern, dieses Verbrechen zu begehen. Wenn er dennoch nach Prag geht, machen Sie durch einen Hirtenbrief bekannt, dass er anathematisiert ist, und w\u00e4hlen Sie einen neuen Vorsitzenden. Dies ist die einzige M\u00f6glichkeit, den Fluch zu vermeiden, den er aus Angst oder falschem Gehorsam oder vielleicht seiner eigenen Unmoral zieht.<\/p><\/div><\/div><\/div><\/div><\/div><\/section><\/div><\/div><br><a class=\"btn btn-theme post-btn\" href=\"https:\/\/vkpatriarhat.org\/de\/bischofe-europas\/\">\u0427\u0438\u0442\u0430\u0442\u0438 \u0434\u0430\u043b\u0456<\/a>","protected":false},"excerpt":{"rendered":"<p>Liebe Bisch\u00f6fe Europas, Wie Sie wissen, hat der Pseudo-Papst Franziskus Bergoglio f\u00fcr Sie, oder vielmehr f\u00fcr die Vorsitzenden Ihrer Bischofskonferenzen, im Rahmen der sogenannten kontinentalen Synode zur Synodalit\u00e4t ein verh\u00e4ngnisvolles Treffen in Prag geplant. Unter dieser edlen Bezeichnung verschleiert er die blasphemische Legalisierung sexueller LGBTQ-Perversionen durch die Kirche. Es ist eine offene Rebellion gegen Gott [&hellip;]<\/p>\n","protected":false},"author":1,"featured_media":22759,"comment_status":"closed","ping_status":"closed","sticky":false,"template":"","format":"standard","meta":{"ngg_post_thumbnail":0},"categories":[40],"tags":[],"_links":{"self":[{"href":"https:\/\/vkpatriarhat.org\/de\/wp-json\/wp\/v2\/posts\/22727"}],"collection":[{"href":"https:\/\/vkpatriarhat.org\/de\/wp-json\/wp\/v2\/posts"}],"about":[{"href":"https:\/\/vkpatriarhat.org\/de\/wp-json\/wp\/v2\/types\/post"}],"author":[{"embeddable":true,"href":"https:\/\/vkpatriarhat.org\/de\/wp-json\/wp\/v2\/users\/1"}],"replies":[{"embeddable":true,"href":"https:\/\/vkpatriarhat.org\/de\/wp-json\/wp\/v2\/comments?post=22727"}],"version-history":[{"count":47,"href":"https:\/\/vkpatriarhat.org\/de\/wp-json\/wp\/v2\/posts\/22727\/revisions"}],"predecessor-version":[{"id":22792,"href":"https:\/\/vkpatriarhat.org\/de\/wp-json\/wp\/v2\/posts\/22727\/revisions\/22792"}],"wp:featuredmedia":[{"embeddable":true,"href":"https:\/\/vkpatriarhat.org\/de\/wp-json\/wp\/v2\/media\/22759"}],"wp:attachment":[{"href":"https:\/\/vkpatriarhat.org\/de\/wp-json\/wp\/v2\/media?parent=22727"}],"wp:term":[{"taxonomy":"category","embeddable":true,"href":"https:\/\/vkpatriarhat.org\/de\/wp-json\/wp\/v2\/categories?post=22727"},{"taxonomy":"post_tag","embeddable":true,"href":"https:\/\/vkpatriarhat.org\/de\/wp-json\/wp\/v2\/tags?post=22727"}],"curies":[{"name":"wp","href":"https:\/\/api.w.org\/{rel}","templated":true}]}}