{"id":22711,"date":"2023-01-24T19:02:08","date_gmt":"2023-01-24T16:02:08","guid":{"rendered":"https:\/\/vkpatriarhat.org\/de\/?p=22711"},"modified":"2024-12-02T20:32:33","modified_gmt":"2024-12-02T17:32:33","slug":"kardinal-kasper","status":"publish","type":"post","link":"https:\/\/vkpatriarhat.org\/de\/kardinal-kasper\/","title":{"rendered":"BKP: Kardinal Kasper f\u00f6rdert eine selbstm\u00f6rderische Transformation der Kirche"},"content":{"rendered":"\t\t<div data-elementor-type=\"wp-post\" data-elementor-id=\"22711\" class=\"elementor elementor-22711\" data-elementor-settings=\"[]\">\n\t\t\t\t\t\t\t<div class=\"elementor-section-wrap\">\n\t\t\t\t\t\t\t<section class=\"elementor-section elementor-top-section elementor-element elementor-element-3c1fa5b8 elementor-section-boxed elementor-section-height-default elementor-section-height-default\" data-id=\"3c1fa5b8\" data-element_type=\"section\">\n\t\t\t\t\t\t<div class=\"elementor-container elementor-column-gap-default\">\n\t\t\t\t\t<div class=\"elementor-column elementor-col-100 elementor-top-column elementor-element elementor-element-7661c063\" data-id=\"7661c063\" data-element_type=\"column\">\n\t\t\t<div class=\"elementor-widget-wrap elementor-element-populated\">\n\t\t\t\t\t\t\t\t<div class=\"elementor-element elementor-element-518e258f elementor-widget elementor-widget-text-editor\" data-id=\"518e258f\" data-element_type=\"widget\" data-widget_type=\"text-editor.default\">\n\t\t\t\t<div class=\"elementor-widget-container\">\n\t\t\t<style>\/*! elementor - v3.5.5 - 03-02-2022 *\/\n.elementor-widget-text-editor.elementor-drop-cap-view-stacked .elementor-drop-cap{background-color:#818a91;color:#fff}.elementor-widget-text-editor.elementor-drop-cap-view-framed .elementor-drop-cap{color:#818a91;border:3px solid;background-color:transparent}.elementor-widget-text-editor:not(.elementor-drop-cap-view-default) .elementor-drop-cap{margin-top:8px}.elementor-widget-text-editor:not(.elementor-drop-cap-view-default) .elementor-drop-cap-letter{width:1em;height:1em}.elementor-widget-text-editor .elementor-drop-cap{float:left;text-align:center;line-height:1;font-size:50px}.elementor-widget-text-editor .elementor-drop-cap-letter{display:inline-block}<\/style>\t\t\t\t<p style=\"text-align: justify;\">In einem k\u00fcrzlich ver\u00f6ffentlichten Medieninterview erkl\u00e4rte Kardinal Walter Kasper: <em>\u201eEin solcher Transformationsprozess kann nicht \u00fcber Nacht erreicht werden, er erfordert Zeit, ein bisschen wie ein langer Atemzug. Das kann nicht in einem einzigen Pontifikat gemacht werden, es wird zwei oder drei dauern.\u201c<\/em><\/p><div style=\"text-align: center;\"><p><script>!function(r,u,m,b,l,e){r._Rumble=b,r[b]||(r[b]=function(){(r[b]._=r[b]._||[]).push(arguments);if(r[b]._.length==1){l=u.createElement(m),e=u.getElementsByTagName(m)[0],l.async=1,l.src=\"https:\/\/rumble.com\/embedJS\/uf1ws9\"+(arguments[1].video?'.'+arguments[1].video:'')+\"\/?url=\"+encodeURIComponent(location.href)+\"&args=\"+encodeURIComponent(JSON.stringify([].slice.apply(arguments))),e.parentNode.insertBefore(l,e)}})}(window, document, \"script\", \"Rumble\");<\/script><\/p><div id=\"rumble_v24b6h4\">\u00a0<\/div><p><script>\nRumble(\"play\", {\"video\":\"v24b6h4\",\"div\":\"rumble_v24b6h4\"});<\/script><\/p><\/div><p style=\"text-align: center;\"><em><strong><span style=\"color: #0a0000;\">Sehen Sie dieses Video auf:<\/span> <\/strong><\/em><span style=\"color: #800000;\"><em><strong><a href=\"https:\/\/rumble.com\/v26xb8e-kardinal-kasper.html\">https:\/\/rumble.com\/v26xb8e-kardinal-kasper.html<\/a>\u00a0 \u00a0<\/strong><\/em><\/span><br \/><span style=\"color: #800000;\"><em><strong><a href=\"https:\/\/ugetube.com\/watch\/mZitE14p2oPpEWg\">https:\/\/ugetube.com\/watch\/mZitE14p2oPpEWg<\/a>\u00a0 \u00a0<\/strong><\/em><\/span><br \/><span style=\"color: #800000;\"><em><strong><a href=\"https:\/\/cos.tv\/videos\/play\/41953089960579072\">https:\/\/cos.tv\/videos\/play\/41953089960579072<\/a>\u00a0 \u00a0<\/strong><\/em><\/span><br \/><span style=\"color: #800000;\"><em><strong><a href=\"https:\/\/www.bitchute.com\/video\/fhP55gqlZmjE\/\">https:\/\/www.bitchute.com\/video\/fhP55gqlZmjE\/<\/a> \u00a0<\/strong><\/em><\/span><\/p><p><\/p><\/div><\/div><\/div><\/div><\/div><\/section><\/div><\/div><br><a class=\"btn btn-theme post-btn\" href=\"https:\/\/vkpatriarhat.org\/de\/kardinal-kasper\/\">\u0427\u0438\u0442\u0430\u0442\u0438 \u0434\u0430\u043b\u0456<\/a>","protected":false},"excerpt":{"rendered":"<p>In einem k\u00fcrzlich ver\u00f6ffentlichten Medieninterview erkl\u00e4rte Kardinal Walter Kasper: \u201eEin solcher Transformationsprozess kann nicht \u00fcber Nacht erreicht werden, er erfordert Zeit, ein bisschen wie ein langer Atemzug. Das kann nicht in einem einzigen Pontifikat gemacht werden, es wird zwei oder drei dauern.\u201c \u00a0 Sehen Sie dieses Video auf: https:\/\/rumble.com\/v26xb8e-kardinal-kasper.html\u00a0 \u00a0https:\/\/ugetube.com\/watch\/mZitE14p2oPpEWg\u00a0 \u00a0https:\/\/cos.tv\/videos\/play\/41953089960579072\u00a0 \u00a0https:\/\/www.bitchute.com\/video\/fhP55gqlZmjE\/ \u00a0<\/p>\n","protected":false},"author":1,"featured_media":22714,"comment_status":"closed","ping_status":"closed","sticky":false,"template":"","format":"standard","meta":{"ngg_post_thumbnail":0},"categories":[40,85],"tags":[],"_links":{"self":[{"href":"https:\/\/vkpatriarhat.org\/de\/wp-json\/wp\/v2\/posts\/22711"}],"collection":[{"href":"https:\/\/vkpatriarhat.org\/de\/wp-json\/wp\/v2\/posts"}],"about":[{"href":"https:\/\/vkpatriarhat.org\/de\/wp-json\/wp\/v2\/types\/post"}],"author":[{"embeddable":true,"href":"https:\/\/vkpatriarhat.org\/de\/wp-json\/wp\/v2\/users\/1"}],"replies":[{"embeddable":true,"href":"https:\/\/vkpatriarhat.org\/de\/wp-json\/wp\/v2\/comments?post=22711"}],"version-history":[{"count":13,"href":"https:\/\/vkpatriarhat.org\/de\/wp-json\/wp\/v2\/posts\/22711\/revisions"}],"predecessor-version":[{"id":26200,"href":"https:\/\/vkpatriarhat.org\/de\/wp-json\/wp\/v2\/posts\/22711\/revisions\/26200"}],"wp:featuredmedia":[{"embeddable":true,"href":"https:\/\/vkpatriarhat.org\/de\/wp-json\/wp\/v2\/media\/22714"}],"wp:attachment":[{"href":"https:\/\/vkpatriarhat.org\/de\/wp-json\/wp\/v2\/media?parent=22711"}],"wp:term":[{"taxonomy":"category","embeddable":true,"href":"https:\/\/vkpatriarhat.org\/de\/wp-json\/wp\/v2\/categories?post=22711"},{"taxonomy":"post_tag","embeddable":true,"href":"https:\/\/vkpatriarhat.org\/de\/wp-json\/wp\/v2\/tags?post=22711"}],"curies":[{"name":"wp","href":"https:\/\/api.w.org\/{rel}","templated":true}]}}