{"id":22139,"date":"2022-08-31T22:52:42","date_gmt":"2022-08-31T19:52:42","guid":{"rendered":"https:\/\/vkpatriarhat.org\/de\/?p=22139"},"modified":"2022-09-03T18:17:57","modified_gmt":"2022-09-03T15:17:57","slug":"papst-franziskus-kasachstan-besuchen","status":"publish","type":"post","link":"https:\/\/vkpatriarhat.org\/de\/papst-franziskus-kasachstan-besuchen\/","title":{"rendered":"BKP: Der abtr\u00fcnnige Papst Franziskus wird Kasachstan besuchen.  N\u00e4chster Schritt im \u00dcbergang zur Anti-Kirche des Neuen Zeitalters"},"content":{"rendered":"\t\t<div data-elementor-type=\"wp-post\" data-elementor-id=\"22139\" class=\"elementor elementor-22139\" data-elementor-settings=\"[]\">\n\t\t\t\t\t\t\t<div class=\"elementor-section-wrap\">\n\t\t\t\t\t\t\t<section class=\"elementor-section elementor-top-section elementor-element elementor-element-475e19b8 elementor-section-boxed elementor-section-height-default elementor-section-height-default\" data-id=\"475e19b8\" data-element_type=\"section\">\n\t\t\t\t\t\t<div class=\"elementor-container elementor-column-gap-default\">\n\t\t\t\t\t<div class=\"elementor-column elementor-col-100 elementor-top-column elementor-element elementor-element-19616e7d\" data-id=\"19616e7d\" data-element_type=\"column\">\n\t\t\t<div class=\"elementor-widget-wrap elementor-element-populated\">\n\t\t\t\t\t\t\t\t<div class=\"elementor-element elementor-element-35f3de76 elementor-widget elementor-widget-text-editor\" data-id=\"35f3de76\" data-element_type=\"widget\" data-widget_type=\"text-editor.default\">\n\t\t\t\t<div class=\"elementor-widget-container\">\n\t\t\t<style>\/*! elementor - v3.5.5 - 03-02-2022 *\/\n.elementor-widget-text-editor.elementor-drop-cap-view-stacked .elementor-drop-cap{background-color:#818a91;color:#fff}.elementor-widget-text-editor.elementor-drop-cap-view-framed .elementor-drop-cap{color:#818a91;border:3px solid;background-color:transparent}.elementor-widget-text-editor:not(.elementor-drop-cap-view-default) .elementor-drop-cap{margin-top:8px}.elementor-widget-text-editor:not(.elementor-drop-cap-view-default) .elementor-drop-cap-letter{width:1em;height:1em}.elementor-widget-text-editor .elementor-drop-cap{float:left;text-align:center;line-height:1;font-size:50px}.elementor-widget-text-editor .elementor-drop-cap-letter{display:inline-block}<\/style>\t\t\t\t<p style=\"text-align: justify;\">Vom 13. bis 15. September 2022 wird der abtr\u00fcnnige Papst an einem Kongress teilnehmen, an dem heidnische F\u00fchrer teilnehmen.<\/p><p style=\"text-align: justify;\"><em>\u00a0\u201e\u00a0&#8230; sie <\/em><em>warfen sich nieder vor dem gegossenen Bild. Die Herrlichkeit Gottes tauschten sie ein gegen das Bild eines Stieres, der Gras fri\u00dft. Sie verga\u00dfen Gott, ihren Retter.<\/em><em>\u201c<\/em> <em>(<\/em>Ps 106,19-21). Nicht nur damals, sondern auch heute verehrt die h\u00f6chste Hierarchie unter der F\u00fchrung von Pseudo-Papst Bergoglio heidnische G\u00f6tzen. Sie f\u00f6rdern eine sogenannte \u00f6kologische Bekehrung, die eigentlich eine Bekehrung zu territorialen D\u00e4monen und eine Verbindung mit ihnen ist. Sie tauschen t\u00f6richterweise ihre Herrlichkeit, die im Sohn Gottes, Jesus Christus, liegt, gegen ein Bild heidnischer G\u00f6tzen, wie den D\u00e4mon Pachamama. Bis heute wird in Bolivien oder anderen s\u00fcdamerikanischen L\u00e4ndern der D\u00e4mon Pachamama verehrt, indem man ihm Opfer darbringt, zum Beispiel beim Bau eines Hauses. Wenn es sich um ein kleines Haus handelt, reicht f\u00fcr Pachamama ein Lamaf\u00f6tus, aber wenn es sich um ein gro\u00dfes Haus handelt, berauscht der Schamane einen unerfahrenen Fremden oder ein anderes menschliches Opfer und begr\u00e4bt ihn dann lebendig im Fundament. Diese Praxis ist auch in Tibet \u00fcblich, wenn buddhistische M\u00f6nche ihre Kl\u00f6ster bauen.<\/p><\/div><\/div><\/div><\/div><\/div><\/section><\/div><\/div><br><a class=\"btn btn-theme post-btn\" href=\"https:\/\/vkpatriarhat.org\/de\/papst-franziskus-kasachstan-besuchen\/\">\u0427\u0438\u0442\u0430\u0442\u0438 \u0434\u0430\u043b\u0456<\/a>","protected":false},"excerpt":{"rendered":"<p>Vom 13. bis 15. September 2022 wird der abtr\u00fcnnige Papst an einem Kongress teilnehmen, an dem heidnische F\u00fchrer teilnehmen. &nbsp;\u201e&nbsp;&#8230; sie warfen sich nieder vor dem gegossenen Bild. Die Herrlichkeit Gottes tauschten sie ein gegen das Bild eines Stieres, der Gras fri\u00dft. Sie verga\u00dfen Gott, ihren Retter.\u201c (Ps 106,19-21). Nicht nur damals, sondern auch heute [&hellip;]<\/p>\n","protected":false},"author":1,"featured_media":22143,"comment_status":"closed","ping_status":"closed","sticky":false,"template":"","format":"standard","meta":{"ngg_post_thumbnail":0},"categories":[40],"tags":[],"_links":{"self":[{"href":"https:\/\/vkpatriarhat.org\/de\/wp-json\/wp\/v2\/posts\/22139"}],"collection":[{"href":"https:\/\/vkpatriarhat.org\/de\/wp-json\/wp\/v2\/posts"}],"about":[{"href":"https:\/\/vkpatriarhat.org\/de\/wp-json\/wp\/v2\/types\/post"}],"author":[{"embeddable":true,"href":"https:\/\/vkpatriarhat.org\/de\/wp-json\/wp\/v2\/users\/1"}],"replies":[{"embeddable":true,"href":"https:\/\/vkpatriarhat.org\/de\/wp-json\/wp\/v2\/comments?post=22139"}],"version-history":[{"count":6,"href":"https:\/\/vkpatriarhat.org\/de\/wp-json\/wp\/v2\/posts\/22139\/revisions"}],"predecessor-version":[{"id":22148,"href":"https:\/\/vkpatriarhat.org\/de\/wp-json\/wp\/v2\/posts\/22139\/revisions\/22148"}],"wp:featuredmedia":[{"embeddable":true,"href":"https:\/\/vkpatriarhat.org\/de\/wp-json\/wp\/v2\/media\/22143"}],"wp:attachment":[{"href":"https:\/\/vkpatriarhat.org\/de\/wp-json\/wp\/v2\/media?parent=22139"}],"wp:term":[{"taxonomy":"category","embeddable":true,"href":"https:\/\/vkpatriarhat.org\/de\/wp-json\/wp\/v2\/categories?post=22139"},{"taxonomy":"post_tag","embeddable":true,"href":"https:\/\/vkpatriarhat.org\/de\/wp-json\/wp\/v2\/tags?post=22139"}],"curies":[{"name":"wp","href":"https:\/\/api.w.org\/{rel}","templated":true}]}}